{"id":5509,"date":"2018-06-04T17:42:23","date_gmt":"2018-06-04T17:42:23","guid":{"rendered":"http:\/\/donesesglesia.cat\/wp_cde\/?p=5509"},"modified":"2018-06-04T17:42:24","modified_gmt":"2018-06-04T17:42:24","slug":"reflexio-juny-2018","status":"publish","type":"post","link":"https:\/\/donesesglesia.cat\/wp_cde\/reflexio-juny-2018\/","title":{"rendered":"Reflexi\u00f3: juny 2018"},"content":{"rendered":"<blockquote><p><strong><strong>Lc. 9, 18-25<\/strong><\/strong><\/p>\n<p><a href=\"http:\/\/donesesglesia.cat\/wp_cde\/index.php\/2018\/06\/04\/reflexio-juny-2018\/reflexio_juny2018\/\" rel=\"attachment wp-att-5510\"><img loading=\"lazy\" decoding=\"async\" class=\"aligncenter  wp-image-5510\" src=\"http:\/\/donesesglesia.cat\/wp_cde\/wp-content\/uploads\/2018\/06\/reflexio_juny2018.jpg\" alt=\"\" width=\"590\" height=\"403\" srcset=\"https:\/\/donesesglesia.cat\/wp_cde\/wp-content\/uploads\/2018\/06\/reflexio_juny2018.jpg 960w, https:\/\/donesesglesia.cat\/wp_cde\/wp-content\/uploads\/2018\/06\/reflexio_juny2018-300x205.jpg 300w, https:\/\/donesesglesia.cat\/wp_cde\/wp-content\/uploads\/2018\/06\/reflexio_juny2018-768x524.jpg 768w\" sizes=\"auto, (max-width: 590px) 100vw, 590px\" \/><\/a><\/p>\n<p>Succe\u00ed que, mentre ells conversaven i discutien, Jes\u00fas en persona se&#8217;ls acost\u00e0 i es va posar a caminar amb ells. (Els seus ulls estaven reringuts, de manera que no el reconeixien.)<\/p>\n<p>Succe\u00ed que, mentre ells es trobaven tots sols, es reuniren amb ell els deixebles, i ell els interrog\u00e0 dient: \u201c\u00bfQui diuen que s\u00f3c jo les multituds?\u201d\u00a0<\/p>\n<p>Els uns en resposta digueren: \u201cJoan el Baptista\u201d; d\u2019altres: \u201cElies\u201d, o b\u00e9: \u201cUn dels profetes.\u201d\u00a0<\/p>\n<p>Els digu\u00e9: \u201cVosaltres, per\u00f2, \u00bfqui dieu que s\u00f3c jo?\u201d\u00a0<\/p>\n<p>Respongu\u00e9 Pere dient: \u201c\u00a1El Messies, Fill de D\u00e9u!\u201d\u00a0<\/p>\n<p>Ell amb un conjur els orden\u00e0 de no dir-ho a ning\u00fa recalcant-los: \u201cCal que el Fill de l\u2019home pateixi molt i sigui rebutjat pels ancians, summes sacerdots i escribes, sigui executat i al cap de tres dies ressusciti.\u201d\u00a0<\/p>\n<p>Afegia, per\u00f2, adre\u00e7ant-se a tothom: \u201cSi alg\u00fa vol venir darrera meu que es negui a si mateix i em segueixi. Perqu\u00e8 qui vulgui salvar la seva vida, la perdr\u00e0; en canvi, qui perdi la seva vida per causa meva, aquest la salvar\u00e0. En efecte, \u00bfde qu\u00e8 li serveix a un home guanyar el m\u00f3n sencer, si es perd ell mateix o s\u2019autodestrueix?.\u201d<\/p>\n<\/blockquote>\n","protected":false},"excerpt":{"rendered":"<p>Lc. 9, 18-25 Succe\u00ed que, mentre ells conversaven i discutien, Jes\u00fas en persona se&#8217;ls acost\u00e0 i es va posar a caminar amb ells. (Els seus ulls estaven reringuts, de manera [&hellip;]<\/p>\n","protected":false},"author":1,"featured_media":5510,"comment_status":"closed","ping_status":"closed","sticky":false,"template":"","format":"standard","meta":{"footnotes":""},"categories":[14],"tags":[],"class_list":["post-5509","post","type-post","status-publish","format-standard","has-post-thumbnail","hentry","category-levangeli-del-mes"],"_links":{"self":[{"href":"https:\/\/donesesglesia.cat\/wp_cde\/wp-json\/wp\/v2\/posts\/5509","targetHints":{"allow":["GET"]}}],"collection":[{"href":"https:\/\/donesesglesia.cat\/wp_cde\/wp-json\/wp\/v2\/posts"}],"about":[{"href":"https:\/\/donesesglesia.cat\/wp_cde\/wp-json\/wp\/v2\/types\/post"}],"author":[{"embeddable":true,"href":"https:\/\/donesesglesia.cat\/wp_cde\/wp-json\/wp\/v2\/users\/1"}],"replies":[{"embeddable":true,"href":"https:\/\/donesesglesia.cat\/wp_cde\/wp-json\/wp\/v2\/comments?post=5509"}],"version-history":[{"count":2,"href":"https:\/\/donesesglesia.cat\/wp_cde\/wp-json\/wp\/v2\/posts\/5509\/revisions"}],"predecessor-version":[{"id":5512,"href":"https:\/\/donesesglesia.cat\/wp_cde\/wp-json\/wp\/v2\/posts\/5509\/revisions\/5512"}],"wp:featuredmedia":[{"embeddable":true,"href":"https:\/\/donesesglesia.cat\/wp_cde\/wp-json\/wp\/v2\/media\/5510"}],"wp:attachment":[{"href":"https:\/\/donesesglesia.cat\/wp_cde\/wp-json\/wp\/v2\/media?parent=5509"}],"wp:term":[{"taxonomy":"category","embeddable":true,"href":"https:\/\/donesesglesia.cat\/wp_cde\/wp-json\/wp\/v2\/categories?post=5509"},{"taxonomy":"post_tag","embeddable":true,"href":"https:\/\/donesesglesia.cat\/wp_cde\/wp-json\/wp\/v2\/tags?post=5509"}],"curies":[{"name":"wp","href":"https:\/\/api.w.org\/{rel}","templated":true}]}}