{"id":5471,"date":"2018-04-29T18:42:24","date_gmt":"2018-04-29T18:42:24","guid":{"rendered":"http:\/\/donesesglesia.cat\/wp_cde\/?p=5471"},"modified":"2019-02-02T19:22:15","modified_gmt":"2019-02-02T19:22:15","slug":"reflexio-maig-2018","status":"publish","type":"post","link":"https:\/\/donesesglesia.cat\/wp_cde\/reflexio-maig-2018\/","title":{"rendered":"Reflexi\u00f3: Maig 2018"},"content":{"rendered":"<blockquote><p><b><i>EFUSI\u00d3 DE L\u2019ESPERIT SANT EN EXPIRAR EL TERMINI FIXAT PER JES\u00daS <\/i><\/b><i>(1) <\/i><b><i>A<\/i><\/b><i>ctes 2, 1-13<\/i><\/p>\n<p><a href=\"http:\/\/donesesglesia.cat\/wp_cde\/index.php\/2018\/04\/29\/reflexio-maig-2018\/reflexio_maig2018\/\" rel=\"attachment wp-att-5472\"><img loading=\"lazy\" decoding=\"async\" class=\"aligncenter size-full wp-image-5472\" src=\"http:\/\/donesesglesia.cat\/wp_cde\/wp-content\/uploads\/2018\/04\/reflexio_maig2018.jpg\" alt=\"\" width=\"500\" height=\"281\" srcset=\"https:\/\/donesesglesia.cat\/wp_cde\/wp-content\/uploads\/2018\/04\/reflexio_maig2018.jpg 500w, https:\/\/donesesglesia.cat\/wp_cde\/wp-content\/uploads\/2018\/04\/reflexio_maig2018-300x169.jpg 300w, https:\/\/donesesglesia.cat\/wp_cde\/wp-content\/uploads\/2018\/04\/reflexio_maig2018-136x77.jpg 136w\" sizes=\"auto, (max-width: 500px) 100vw, 500px\" \/><\/a><\/p>\n<p>Succe\u00ed que, per aquells dies, era a punt de completar-se el termini de la Pentecosta, trobant-se tots ells reunits en un mateix prop\u00f2sit, i heus aqu\u00ed que de sobte resson\u00e0 un bramul del cel com una violenta r\u00e0fega de vent i ompl\u00ed tota la Casa on estaven asseguts.(2)\u00a0<\/p>\n<p>I se\u2019ls aparegueren unes lleng\u00fces que es repartien com de foc i es posaren sobre cada un d\u2019ells individualment, i tots ells foren omplerts d\u2019Esperit Sant i cada un comen\u00e7\u00e0 a parlar en diferents lleng\u00fces com l\u2019Esperit concedia a ells d\u2019expressar-se.\u00a0<\/p>\n<p>A Jerusalem, hi habitaven homes [jueus] devots (3) de totes les races que hi ha sota la capa del cel.\u00a0<\/p>\n<p>En produir-se aquella remor, es congreg\u00e0 l\u2019assemblea i es qued\u00e0 confosa; i cada un d\u2019ells percebia que parlaven en les seves respectives lleng\u00fces. Estaven completament fora de si i s\u2019admiraven mentre es deien els uns als altres: \u201c\u00a1Mireu!, \u00bfno s\u00f3n tots aquests que estan parlant galileus? Aleshores, \u00bfcom \u00e9s que sentim cadascun de nosaltres la nostra llengua en la qual vam n\u00e8ixer \u2013 parts, medes i elamites; els qui habitem a la Messopot\u00e0mia, a Judea i a Capad\u00f2cia, al Pont i a l\u2019\u00c0sia, a Fr\u00edgia i a Pamf\u00edlia, a Egipte com tamb\u00e9 a les regions de L\u00edbia que confina amb Cirene; i els que temporalment residim aqu\u00ed, romans (tant jueus com pros\u00e8lits), cretencs i \u00e0rabs -, com \u00e9s que els sentim parlar en les nostres lleng\u00fces de les maravelles de D\u00e9u?\u201d Estaven tots fora de si i es preguntaven perplexos l\u2019un a l\u2019altre sobre all\u00f2 que havia succe\u00eft, tot dient: \u201c\u00bfQu\u00e8 Vol dir tot aix\u00f2?\u201d D\u2019altres, en canvi, se\u2019n burlaven dient: \u201cTots aquests estan plens de vi dol\u00e7!\u201d<\/p>\n<\/blockquote>\n","protected":false},"excerpt":{"rendered":"<p>EFUSI\u00d3 DE L\u2019ESPERIT SANT EN EXPIRAR EL TERMINI FIXAT PER JES\u00daS (1) Actes 2, 1-13 Succe\u00ed que, per aquells dies, era a punt de completar-se el termini de la Pentecosta, [&hellip;]<\/p>\n","protected":false},"author":1,"featured_media":5842,"comment_status":"closed","ping_status":"closed","sticky":false,"template":"","format":"standard","meta":{"footnotes":""},"categories":[14],"tags":[],"class_list":["post-5471","post","type-post","status-publish","format-standard","has-post-thumbnail","hentry","category-levangeli-del-mes"],"_links":{"self":[{"href":"https:\/\/donesesglesia.cat\/wp_cde\/wp-json\/wp\/v2\/posts\/5471","targetHints":{"allow":["GET"]}}],"collection":[{"href":"https:\/\/donesesglesia.cat\/wp_cde\/wp-json\/wp\/v2\/posts"}],"about":[{"href":"https:\/\/donesesglesia.cat\/wp_cde\/wp-json\/wp\/v2\/types\/post"}],"author":[{"embeddable":true,"href":"https:\/\/donesesglesia.cat\/wp_cde\/wp-json\/wp\/v2\/users\/1"}],"replies":[{"embeddable":true,"href":"https:\/\/donesesglesia.cat\/wp_cde\/wp-json\/wp\/v2\/comments?post=5471"}],"version-history":[{"count":2,"href":"https:\/\/donesesglesia.cat\/wp_cde\/wp-json\/wp\/v2\/posts\/5471\/revisions"}],"predecessor-version":[{"id":5474,"href":"https:\/\/donesesglesia.cat\/wp_cde\/wp-json\/wp\/v2\/posts\/5471\/revisions\/5474"}],"wp:featuredmedia":[{"embeddable":true,"href":"https:\/\/donesesglesia.cat\/wp_cde\/wp-json\/wp\/v2\/media\/5842"}],"wp:attachment":[{"href":"https:\/\/donesesglesia.cat\/wp_cde\/wp-json\/wp\/v2\/media?parent=5471"}],"wp:term":[{"taxonomy":"category","embeddable":true,"href":"https:\/\/donesesglesia.cat\/wp_cde\/wp-json\/wp\/v2\/categories?post=5471"},{"taxonomy":"post_tag","embeddable":true,"href":"https:\/\/donesesglesia.cat\/wp_cde\/wp-json\/wp\/v2\/tags?post=5471"}],"curies":[{"name":"wp","href":"https:\/\/api.w.org\/{rel}","templated":true}]}}