{"id":5438,"date":"2018-04-01T18:58:09","date_gmt":"2018-04-01T18:58:09","guid":{"rendered":"http:\/\/donesesglesia.cat\/wp_cde\/?p=5438"},"modified":"2018-04-01T18:58:50","modified_gmt":"2018-04-01T18:58:50","slug":"reflexio-abril-2018","status":"publish","type":"post","link":"https:\/\/donesesglesia.cat\/wp_cde\/reflexio-abril-2018\/","title":{"rendered":"Reflexi\u00f3: Abril 2018"},"content":{"rendered":"<blockquote><p><strong><strong>Lc. 24, 13-29:\u00a0<\/strong>ELS DEIXEBLES D&#8217;EMMA\u00daS<\/strong><\/p>\n<p><a href=\"http:\/\/donesesglesia.cat\/wp_cde\/index.php\/2018\/04\/01\/reflexio-abril-2018\/monestir-de-silos\/\" rel=\"attachment wp-att-5439\"><img loading=\"lazy\" decoding=\"async\" class=\"aligncenter  wp-image-5439\" src=\"http:\/\/donesesglesia.cat\/wp_cde\/wp-content\/uploads\/2018\/04\/reflexio_abril2018-1024x683.jpg\" alt=\"\" width=\"570\" height=\"380\" srcset=\"https:\/\/donesesglesia.cat\/wp_cde\/wp-content\/uploads\/2018\/04\/reflexio_abril2018.jpg 1024w, https:\/\/donesesglesia.cat\/wp_cde\/wp-content\/uploads\/2018\/04\/reflexio_abril2018-300x200.jpg 300w, https:\/\/donesesglesia.cat\/wp_cde\/wp-content\/uploads\/2018\/04\/reflexio_abril2018-768x512.jpg 768w, https:\/\/donesesglesia.cat\/wp_cde\/wp-content\/uploads\/2018\/04\/reflexio_abril2018-140x94.jpg 140w\" sizes=\"auto, (max-width: 570px) 100vw, 570px\" \/><\/a><\/p>\n<p>Succe\u00ed que, mentre ells conversaven i discutien, Jes\u00fas en persona se&#8217;ls acost\u00e0 i es va posar a caminar amb ells. (Els seus ulls estaven reringuts, de manera que no el reconeixien.)<\/p>\n<p>Ell els digu\u00e9: \u201c\u201d\u00bfQuines s\u00f3n aquestes paraules que us intercanvieu entre vosaltres mentre camineu deprimits?\u201d Replic\u00e0 un d\u2019ells que tenia per nom Cleop\u00e0s tot adre\u00e7ant-se a ell: \u201c\u00bfTu ets l\u2019\u00fanic foraster a Jerusalem? \u00bfNo saps el que hi ha passat aquests dies?\u201d<\/p>\n<p>Ell li pregunt\u00e0: \u201c\u00bfQu\u00e8 ha passat?\u201d \u201cEl cas de Jes\u00fas el Natzoreu, que fou un bar\u00f3 profeta poder\u00f3s de paraula i d\u2019obra en pres\u00e8ncia de D\u00e9u i de tot el poble; com aquest el lliuraren els summes sacerdots i els nostres dirigents perqu\u00e8 fos sentenciat a mort, i el crucificaren. Nosaltres, tanmateix, esper\u00e0vem que ell seria el qui havia de llibertar Israel. Mentre que ara, a m\u00e9s de tot aix\u00f2, ja som al tercer dia amb el d\u2019avui d\u2019en\u00e7\u00e0 que han passat aquestes coses. Encara m\u00e9s, algunes dones ens han esperverat: han anat de bon mat\u00ed al sepulcre i, no havent trobat el seu cos, han tornat dient haver vist una aparici\u00f3 d\u2019\u00e0ngels, que asseguren que ell viu.<\/p>\n<p>Han anat alguns dels qui s\u00f3n amb nosaltres al sepulcre i ho han trobat talment com havien dit les dones; per\u00f2 a ell no l\u2019hem vist.\u201d<\/p>\n<p>Ell, per\u00f2, els reprotx\u00e0: \u00a1Oh insensats i lents de cor referent a tot all\u00f2 que anunciaren els Profetes, que calia que pat\u00eds tot aix\u00f2 el Messies i aix\u00ed entrar a la seva gl\u00f2ria!\u201d<\/p>\n<p>I comen\u00e7ava a partir de Mois\u00e8s i tots els Profetes, a interpretar-los en les Escriptures el que es referia a ell.<\/p>\n<p>Mentrestant, s\u2019aroparen a l\u2019aldea on es dirigien; ell va fingir d\u2019anar m\u00e9s enll\u00e0. Ells el van pressionar dient: \u201cQueda\u2019t amb nosaltres que cap al tard ha declinat del tot el dia.\u201d I entr\u00e0 per quedar-se amb ells.\u201d<\/p>\n<\/blockquote>\n","protected":false},"excerpt":{"rendered":"<p>Lc. 24, 13-29:\u00a0ELS DEIXEBLES D&#8217;EMMA\u00daS Succe\u00ed que, mentre ells conversaven i discutien, Jes\u00fas en persona se&#8217;ls acost\u00e0 i es va posar a caminar amb ells. (Els seus ulls estaven reringuts, [&hellip;]<\/p>\n","protected":false},"author":1,"featured_media":5439,"comment_status":"closed","ping_status":"closed","sticky":false,"template":"","format":"standard","meta":{"footnotes":""},"categories":[14],"tags":[],"class_list":["post-5438","post","type-post","status-publish","format-standard","has-post-thumbnail","hentry","category-levangeli-del-mes"],"_links":{"self":[{"href":"https:\/\/donesesglesia.cat\/wp_cde\/wp-json\/wp\/v2\/posts\/5438","targetHints":{"allow":["GET"]}}],"collection":[{"href":"https:\/\/donesesglesia.cat\/wp_cde\/wp-json\/wp\/v2\/posts"}],"about":[{"href":"https:\/\/donesesglesia.cat\/wp_cde\/wp-json\/wp\/v2\/types\/post"}],"author":[{"embeddable":true,"href":"https:\/\/donesesglesia.cat\/wp_cde\/wp-json\/wp\/v2\/users\/1"}],"replies":[{"embeddable":true,"href":"https:\/\/donesesglesia.cat\/wp_cde\/wp-json\/wp\/v2\/comments?post=5438"}],"version-history":[{"count":3,"href":"https:\/\/donesesglesia.cat\/wp_cde\/wp-json\/wp\/v2\/posts\/5438\/revisions"}],"predecessor-version":[{"id":5442,"href":"https:\/\/donesesglesia.cat\/wp_cde\/wp-json\/wp\/v2\/posts\/5438\/revisions\/5442"}],"wp:featuredmedia":[{"embeddable":true,"href":"https:\/\/donesesglesia.cat\/wp_cde\/wp-json\/wp\/v2\/media\/5439"}],"wp:attachment":[{"href":"https:\/\/donesesglesia.cat\/wp_cde\/wp-json\/wp\/v2\/media?parent=5438"}],"wp:term":[{"taxonomy":"category","embeddable":true,"href":"https:\/\/donesesglesia.cat\/wp_cde\/wp-json\/wp\/v2\/categories?post=5438"},{"taxonomy":"post_tag","embeddable":true,"href":"https:\/\/donesesglesia.cat\/wp_cde\/wp-json\/wp\/v2\/tags?post=5438"}],"curies":[{"name":"wp","href":"https:\/\/api.w.org\/{rel}","templated":true}]}}