{"id":5398,"date":"2018-03-03T21:21:57","date_gmt":"2018-03-03T21:21:57","guid":{"rendered":"http:\/\/donesesglesia.cat\/wp_cde\/?p=5398"},"modified":"2018-03-03T21:21:58","modified_gmt":"2018-03-03T21:21:58","slug":"reflexio-marc-2018","status":"publish","type":"post","link":"https:\/\/donesesglesia.cat\/wp_cde\/reflexio-marc-2018\/","title":{"rendered":"Reflexi\u00f3: Mar\u00e7 2018"},"content":{"rendered":"<blockquote><p><strong><strong>Lc. 19, 24-40:\u00a0<\/strong>PROP DE BETFAG\u00c9 I BET\u00c0NIA \u2013 L\u2019ASE QUE NING\u00da NO HA MUNTAT MAI<\/strong><\/p>\n<p><a href=\"http:\/\/donesesglesia.cat\/wp_cde\/index.php\/2018\/03\/03\/reflexio-marc-2018\/reflexio_marc2018\/\" rel=\"attachment wp-att-5399\"><img loading=\"lazy\" decoding=\"async\" class=\"aligncenter  wp-image-5399\" src=\"http:\/\/donesesglesia.cat\/wp_cde\/wp-content\/uploads\/2018\/03\/reflexio_marc2018-1024x637.jpg\" alt=\"\" width=\"651\" height=\"405\" srcset=\"https:\/\/donesesglesia.cat\/wp_cde\/wp-content\/uploads\/2018\/03\/reflexio_marc2018-1024x637.jpg 1024w, https:\/\/donesesglesia.cat\/wp_cde\/wp-content\/uploads\/2018\/03\/reflexio_marc2018-300x187.jpg 300w, https:\/\/donesesglesia.cat\/wp_cde\/wp-content\/uploads\/2018\/03\/reflexio_marc2018-768x478.jpg 768w, https:\/\/donesesglesia.cat\/wp_cde\/wp-content\/uploads\/2018\/03\/reflexio_marc2018.jpg 1573w\" sizes=\"auto, (max-width: 651px) 100vw, 651px\" \/><\/a><\/p>\n<div class=\"page\" title=\"Page 2\">\n<div class=\"layoutArea\">\n<div class=\"column\">\n<p>Succe\u00ed que, quan s\u2019acostava a Betfag\u00e9 i Bet\u00e0nia, prop de la muntanya que hom anomena de les Oliveres, envi\u00e0 dos dels seus deixebles dient: \u201dAneu a l\u2019aldea d\u2019aqu\u00ed enfront i, en entrar-hi, trobareu un ase damunt el qual cap home no ha muntat, deslligueu-lo i porteu-lo. Si alg\u00fa us pregunta, responeu aix\u00ed: \u201cEl Senyor en t\u00e9 necessitat.\u201d<\/p>\n<p>Se n\u2019anaren els enviats i ho trobaren tal com els havia dit. Mentre ells deslligaven l\u2019ase, els seus amos els preguntaren: \u201c\u00bfPer qu\u00e8 deslligueu l\u2019ase?\u201d; respongueren que \u201cEl Senyor en t\u00e9 necessitat.\u201d Havent portat l\u2019ase, tiraren els seus mantells damunt d\u2019ell i hi feren muntar Jes\u00fas.<\/p>\n<p>Mentre ell avan\u00e7ava, d\u2019altres anaven estenent al dessota els seus mantells.<\/p>\n<p>Quan ells s\u2019apropaven a la baixada de la muntanya de les Oliveres, comen\u00e7\u00e0 tota l\u2019assemblea dels deixebles, amb alegria, a lloar D\u00e9u per tot el que havien vist que succe\u00efa dient:<\/p>\n<p>\u201cBene\u00eft el qui ve en nom del Senyor\u201d,<br \/>\n \u201cBene\u00eft el Rei: pau en el cel i gl\u00f2ria en les altures.\u201d<\/p>\n<p>Per\u00f2 alguns fariseus d\u2019entre la multitud li requeriren: \u201cMestre, conjura els teus deixebles.\u201d En resposta, per\u00f2, els diu: \u201cUs dic que si aquests emmudissin, les pedres farien crid\u00f2ria.\u201d<\/p>\n<\/div>\n<\/div>\n<\/div>\n<\/blockquote>\n","protected":false},"excerpt":{"rendered":"<p>Lc. 19, 24-40:\u00a0PROP DE BETFAG\u00c9 I BET\u00c0NIA \u2013 L\u2019ASE QUE NING\u00da NO HA MUNTAT MAI Succe\u00ed que, quan s\u2019acostava a Betfag\u00e9 i Bet\u00e0nia, prop de la muntanya que hom anomena [&hellip;]<\/p>\n","protected":false},"author":1,"featured_media":5399,"comment_status":"closed","ping_status":"closed","sticky":false,"template":"","format":"standard","meta":{"footnotes":""},"categories":[14],"tags":[],"class_list":["post-5398","post","type-post","status-publish","format-standard","has-post-thumbnail","hentry","category-levangeli-del-mes"],"_links":{"self":[{"href":"https:\/\/donesesglesia.cat\/wp_cde\/wp-json\/wp\/v2\/posts\/5398","targetHints":{"allow":["GET"]}}],"collection":[{"href":"https:\/\/donesesglesia.cat\/wp_cde\/wp-json\/wp\/v2\/posts"}],"about":[{"href":"https:\/\/donesesglesia.cat\/wp_cde\/wp-json\/wp\/v2\/types\/post"}],"author":[{"embeddable":true,"href":"https:\/\/donesesglesia.cat\/wp_cde\/wp-json\/wp\/v2\/users\/1"}],"replies":[{"embeddable":true,"href":"https:\/\/donesesglesia.cat\/wp_cde\/wp-json\/wp\/v2\/comments?post=5398"}],"version-history":[{"count":3,"href":"https:\/\/donesesglesia.cat\/wp_cde\/wp-json\/wp\/v2\/posts\/5398\/revisions"}],"predecessor-version":[{"id":5402,"href":"https:\/\/donesesglesia.cat\/wp_cde\/wp-json\/wp\/v2\/posts\/5398\/revisions\/5402"}],"wp:featuredmedia":[{"embeddable":true,"href":"https:\/\/donesesglesia.cat\/wp_cde\/wp-json\/wp\/v2\/media\/5399"}],"wp:attachment":[{"href":"https:\/\/donesesglesia.cat\/wp_cde\/wp-json\/wp\/v2\/media?parent=5398"}],"wp:term":[{"taxonomy":"category","embeddable":true,"href":"https:\/\/donesesglesia.cat\/wp_cde\/wp-json\/wp\/v2\/categories?post=5398"},{"taxonomy":"post_tag","embeddable":true,"href":"https:\/\/donesesglesia.cat\/wp_cde\/wp-json\/wp\/v2\/tags?post=5398"}],"curies":[{"name":"wp","href":"https:\/\/api.w.org\/{rel}","templated":true}]}}