{"id":5354,"date":"2018-01-31T19:49:34","date_gmt":"2018-01-31T19:49:34","guid":{"rendered":"http:\/\/donesesglesia.cat\/wp_cde\/?p=5354"},"modified":"2018-01-31T19:51:45","modified_gmt":"2018-01-31T19:51:45","slug":"reflexio-febrer-2018","status":"publish","type":"post","link":"https:\/\/donesesglesia.cat\/wp_cde\/reflexio-febrer-2018\/","title":{"rendered":"Reflexi\u00f3: Febrer 2018"},"content":{"rendered":"<blockquote><p><strong>Lc. 4, 1-15: JES\u00daS PORTAT PER L\u2019ESPERIT SANT<\/strong><\/p>\n<p><a href=\"http:\/\/donesesglesia.cat\/wp_cde\/wp-content\/uploads\/2018\/01\/reflexio-febrer2018.jpg\"><img loading=\"lazy\" decoding=\"async\" class=\"aligncenter wp-image-5358 size-full\" src=\"http:\/\/donesesglesia.cat\/wp_cde\/wp-content\/uploads\/2018\/01\/reflexio-febrer2018.jpg\" alt=\"\" width=\"630\" height=\"378\" srcset=\"https:\/\/donesesglesia.cat\/wp_cde\/wp-content\/uploads\/2018\/01\/reflexio-febrer2018.jpg 630w, https:\/\/donesesglesia.cat\/wp_cde\/wp-content\/uploads\/2018\/01\/reflexio-febrer2018-300x180.jpg 300w\" sizes=\"auto, (max-width: 630px) 100vw, 630px\" \/><\/a><\/p>\n<p>Jes\u00fas, ple d\u2019Esperit Sant, se\u2019n torn\u00e0 del Jord\u00e0; era portat per l\u2019Esperit pel desert durant quaranta dies, mentre era temptat per Satan\u00e0s.<\/p>\n<p>No va menjar res durant aquells dies, i quan es consumaren va tenir fam. Li digu\u00e9 el diable: \u201cSi ets Fill de D\u00e9u, digues que aquestes pedres es converteixin en pans.\u201d\u00a0<\/p>\n<p>En resposta Jes\u00fas digu\u00e9: \u201cEst\u00e0 escrit: \u201cNo sols de pa viur\u00e0 l\u2019home, sin\u00f3 de tota paraula de D\u00e9u\u201d.<\/p>\n<p>Despr\u00e9s, emportant-se\u2019l en una muntanya molt alta, li mostr\u00e0 tots els regnes del m\u00f3n en un instant de temps, i digu\u00e9 adre\u00e7ant-se a ell el diable: \u201cEt donar\u00e9 enterament tota aquesta autoritat i la gl\u00f2ria de tot aix\u00f2, perqu\u00e8 m\u2019ha estat confiada a mi i jo la dono a qui vull. Si tu, doncs, et prosternes davant meu, ser\u00e0 tota teva.\u201d<\/p>\n<p>Jes\u00fas, en resposta, li digu\u00e9: \u201cEst\u00e0 escrit: \u201cDavant el Senyor, el teu D\u00e9u, et prosternar\u00e0s, i a ell sol retr\u00e0s culte.\u201d<\/p>\n<p>El port\u00e0 tot seguit a Jerusalem, el va pla\u00e7ar sobre el pinacle del Temple i li digu\u00e9: \u201cSi ets Fill de D\u00e9u, tira\u2019t daltabaix, perqu\u00e8 est\u00e0 escrit: \u201cAls seus \u00e0ngels donar\u00e0 ordres referents a tu de guardar-te\u201d, i : \u201cEt duran a les palmes de les mans, perqu\u00e8 no ensopeguis amb cap pedra amb el teu peu.\u201d<\/p>\n<p>En resposta, Jes\u00fas li digu\u00e9: \u201cEst\u00e0 escrit. \u201cNo temptar\u00e0s el Senyor, el teu D\u00e9u.\u201d Quan hagu\u00e9 esgotat tota mena de proves, el diable s\u2019apart\u00e0 d\u2019ell per un cert temps. Jes\u00fas se\u2019n torn\u00e0 amb la for\u00e7a de l\u2019Esperit a Galilea. I s&#8217;estengu\u00e9\u00a0la fama referent a ell per l\u2019entera regi\u00f3 circumdant. Ell anava ensenyant en aquelles sinagogues, essent elogiat per tothom.<\/p>\n<\/blockquote>\n","protected":false},"excerpt":{"rendered":"<p>Lc. 4, 1-15: JES\u00daS PORTAT PER L\u2019ESPERIT SANT Jes\u00fas, ple d\u2019Esperit Sant, se\u2019n torn\u00e0 del Jord\u00e0; era portat per l\u2019Esperit pel desert durant quaranta dies, mentre era temptat per Satan\u00e0s. [&hellip;]<\/p>\n","protected":false},"author":1,"featured_media":5357,"comment_status":"closed","ping_status":"closed","sticky":false,"template":"","format":"standard","meta":{"footnotes":""},"categories":[14],"tags":[],"class_list":["post-5354","post","type-post","status-publish","format-standard","has-post-thumbnail","hentry","category-levangeli-del-mes"],"_links":{"self":[{"href":"https:\/\/donesesglesia.cat\/wp_cde\/wp-json\/wp\/v2\/posts\/5354","targetHints":{"allow":["GET"]}}],"collection":[{"href":"https:\/\/donesesglesia.cat\/wp_cde\/wp-json\/wp\/v2\/posts"}],"about":[{"href":"https:\/\/donesesglesia.cat\/wp_cde\/wp-json\/wp\/v2\/types\/post"}],"author":[{"embeddable":true,"href":"https:\/\/donesesglesia.cat\/wp_cde\/wp-json\/wp\/v2\/users\/1"}],"replies":[{"embeddable":true,"href":"https:\/\/donesesglesia.cat\/wp_cde\/wp-json\/wp\/v2\/comments?post=5354"}],"version-history":[{"count":8,"href":"https:\/\/donesesglesia.cat\/wp_cde\/wp-json\/wp\/v2\/posts\/5354\/revisions"}],"predecessor-version":[{"id":5366,"href":"https:\/\/donesesglesia.cat\/wp_cde\/wp-json\/wp\/v2\/posts\/5354\/revisions\/5366"}],"wp:featuredmedia":[{"embeddable":true,"href":"https:\/\/donesesglesia.cat\/wp_cde\/wp-json\/wp\/v2\/media\/5357"}],"wp:attachment":[{"href":"https:\/\/donesesglesia.cat\/wp_cde\/wp-json\/wp\/v2\/media?parent=5354"}],"wp:term":[{"taxonomy":"category","embeddable":true,"href":"https:\/\/donesesglesia.cat\/wp_cde\/wp-json\/wp\/v2\/categories?post=5354"},{"taxonomy":"post_tag","embeddable":true,"href":"https:\/\/donesesglesia.cat\/wp_cde\/wp-json\/wp\/v2\/tags?post=5354"}],"curies":[{"name":"wp","href":"https:\/\/api.w.org\/{rel}","templated":true}]}}