{"id":5316,"date":"2018-01-03T19:57:31","date_gmt":"2018-01-03T19:57:31","guid":{"rendered":"http:\/\/donesesglesia.cat\/wp_cde\/?p=5316"},"modified":"2018-01-03T19:57:31","modified_gmt":"2018-01-03T19:57:31","slug":"reflexio-gener-2018","status":"publish","type":"post","link":"https:\/\/donesesglesia.cat\/wp_cde\/reflexio-gener-2018\/","title":{"rendered":"Reflexi\u00f3: Gener 2018"},"content":{"rendered":"<blockquote>\n<p><a href=\"http:\/\/donesesglesia.cat\/wp_cde\/index.php\/2017\/09\/03\/reflexio-setembre-2017\/reflexio-setembre2017_p\/\" rel=\"attachment wp-att-5138\"><br \/>\n <\/a><a href=\"http:\/\/donesesglesia.cat\/wp_cde\/index.php\/2018\/01\/03\/reflexio-gener-2018\/reflexio-gener2018\/\" rel=\"attachment wp-att-5318\"><img loading=\"lazy\" decoding=\"async\" class=\"aligncenter size-full wp-image-5318\" src=\"http:\/\/donesesglesia.cat\/wp_cde\/wp-content\/uploads\/2018\/01\/reflexio-gener2018.jpg\" alt=\"\" width=\"630\" height=\"628\" srcset=\"https:\/\/donesesglesia.cat\/wp_cde\/wp-content\/uploads\/2018\/01\/reflexio-gener2018.jpg 630w, https:\/\/donesesglesia.cat\/wp_cde\/wp-content\/uploads\/2018\/01\/reflexio-gener2018-150x150.jpg 150w, https:\/\/donesesglesia.cat\/wp_cde\/wp-content\/uploads\/2018\/01\/reflexio-gener2018-300x300.jpg 300w, https:\/\/donesesglesia.cat\/wp_cde\/wp-content\/uploads\/2018\/01\/reflexio-gener2018-37x37.jpg 37w, https:\/\/donesesglesia.cat\/wp_cde\/wp-content\/uploads\/2018\/01\/reflexio-gener2018-128x128.jpg 128w, https:\/\/donesesglesia.cat\/wp_cde\/wp-content\/uploads\/2018\/01\/reflexio-gener2018-184x184.jpg 184w\" sizes=\"auto, (max-width: 630px) 100vw, 630px\" \/><\/a><\/p>\n<p>[En les cartes de Pau] El reconeixement espec\u00edfic de que algunes dones s&#8217;han afanyat per l&#8217;Evangeli (Maria, Trifosa, Trifena i P\u00e9rside) suposa una afirmaci\u00f3 del seu lideratge. Al presidir les seves comunitats han re-significat el seu paper de &#8220;cuidadores&#8221;, at\u00e8s que el verb &#8220;proistemi&#8221; significa &#8220;dirigir&#8221;, per\u00f2 a m\u00e9s a m\u00e9s &#8220;protegir&#8221; i &#8220;cuidar&#8221;, ambdues accepcions unides en les cartes paulines. \u00c9s a dir, aquestes dones exerceixen el seu lideratge encoratjant el caminar comunitari amb exhortacions adequades al moment que viuen, i fins i tot, quan cal, esmenant. D&#8217;altra banda, que aquest terme s&#8217;apliqui tamb\u00e9 a homes que exerceixen les mateixes tasques, \u00e9s un indicatiu de la manera com es redefineix l&#8217;autoritat masculina en l&#8217;Esgl\u00e9sia introduint la cura com una qualitat imprescindible.\u201d<\/p>\n<p><b>Elisa Est\u00e9vez L\u00f3pez: <em>\u201cEl poder de significar de las mujeres en las comunidades de Pablo\u201d<\/em> <\/b>(Traducci\u00f3 Lliure)<\/p>\n<\/blockquote>\n","protected":false},"excerpt":{"rendered":"<p>[En les cartes de Pau] El reconeixement espec\u00edfic de que algunes dones s&#8217;han afanyat per l&#8217;Evangeli (Maria, Trifosa, Trifena i P\u00e9rside) suposa una afirmaci\u00f3 del seu lideratge. Al presidir les [&hellip;]<\/p>\n","protected":false},"author":1,"featured_media":5317,"comment_status":"closed","ping_status":"closed","sticky":false,"template":"","format":"standard","meta":{"footnotes":""},"categories":[14],"tags":[],"class_list":["post-5316","post","type-post","status-publish","format-standard","has-post-thumbnail","hentry","category-levangeli-del-mes"],"_links":{"self":[{"href":"https:\/\/donesesglesia.cat\/wp_cde\/wp-json\/wp\/v2\/posts\/5316","targetHints":{"allow":["GET"]}}],"collection":[{"href":"https:\/\/donesesglesia.cat\/wp_cde\/wp-json\/wp\/v2\/posts"}],"about":[{"href":"https:\/\/donesesglesia.cat\/wp_cde\/wp-json\/wp\/v2\/types\/post"}],"author":[{"embeddable":true,"href":"https:\/\/donesesglesia.cat\/wp_cde\/wp-json\/wp\/v2\/users\/1"}],"replies":[{"embeddable":true,"href":"https:\/\/donesesglesia.cat\/wp_cde\/wp-json\/wp\/v2\/comments?post=5316"}],"version-history":[{"count":4,"href":"https:\/\/donesesglesia.cat\/wp_cde\/wp-json\/wp\/v2\/posts\/5316\/revisions"}],"predecessor-version":[{"id":5322,"href":"https:\/\/donesesglesia.cat\/wp_cde\/wp-json\/wp\/v2\/posts\/5316\/revisions\/5322"}],"wp:featuredmedia":[{"embeddable":true,"href":"https:\/\/donesesglesia.cat\/wp_cde\/wp-json\/wp\/v2\/media\/5317"}],"wp:attachment":[{"href":"https:\/\/donesesglesia.cat\/wp_cde\/wp-json\/wp\/v2\/media?parent=5316"}],"wp:term":[{"taxonomy":"category","embeddable":true,"href":"https:\/\/donesesglesia.cat\/wp_cde\/wp-json\/wp\/v2\/categories?post=5316"},{"taxonomy":"post_tag","embeddable":true,"href":"https:\/\/donesesglesia.cat\/wp_cde\/wp-json\/wp\/v2\/tags?post=5316"}],"curies":[{"name":"wp","href":"https:\/\/api.w.org\/{rel}","templated":true}]}}