{"id":5286,"date":"2017-11-29T20:18:13","date_gmt":"2017-11-29T20:18:13","guid":{"rendered":"http:\/\/donesesglesia.cat\/wp_cde\/?p=5286"},"modified":"2017-11-29T20:18:13","modified_gmt":"2017-11-29T20:18:13","slug":"reflexio-desembre-2017","status":"publish","type":"post","link":"https:\/\/donesesglesia.cat\/wp_cde\/reflexio-desembre-2017\/","title":{"rendered":"Reflexi\u00f3: Desembre 2017"},"content":{"rendered":"<blockquote>\n<h3>Evangeli del mes (Lc. 2, 22-35)<br \/>\nPurificaci\u00f3 i presentaci\u00f3 de Jes\u00fas<br \/>\n <a href=\"http:\/\/donesesglesia.cat\/wp_cde\/index.php\/2017\/09\/03\/reflexio-setembre-2017\/reflexio-setembre2017_p\/\" rel=\"attachment wp-att-5138\"><br \/>\n<\/a><a href=\"http:\/\/donesesglesia.cat\/wp_cde\/index.php\/2017\/11\/29\/reflexio-desembre-2017\/reflexio-desembre2017\/\" rel=\"attachment wp-att-5290\"><img loading=\"lazy\" decoding=\"async\" class=\"aligncenter  wp-image-5290\" src=\"http:\/\/donesesglesia.cat\/wp_cde\/wp-content\/uploads\/2017\/11\/reflexio-desembre2017.jpg\" alt=\"\" width=\"560\" height=\"626\" srcset=\"https:\/\/donesesglesia.cat\/wp_cde\/wp-content\/uploads\/2017\/11\/reflexio-desembre2017.jpg 630w, https:\/\/donesesglesia.cat\/wp_cde\/wp-content\/uploads\/2017\/11\/reflexio-desembre2017-268x300.jpg 268w\" sizes=\"auto, (max-width: 560px) 100vw, 560px\" \/><\/a><\/h3>\n<p>Quan es compliren els dies de la purificaci\u00f3 de l\u2019infant, d\u2019acord amb la Llei de Mois\u00e8s, se l\u2019emportaren a Jeros\u00f2lima per presentar-lo al Senyor, com est\u00e0 escrit en la Llei del Senyor: \u201cTot mascle que obra la matriu ser\u00e0 consagrat al Senyor\u201d, i per oferir un sacrifici, tal com est\u00e0 dit en la Llei del Senyor: \u201cUn parell de t\u00f3rtores o dos colomins\u201d.<\/p>\n<div class=\"page\" title=\"Page 2\">\n<div class=\"section\">\n<div class=\"layoutArea\">\n<div class=\"column\">\n<p>Hi havia un home a Jerusalem que tenia per nom Sime\u00f3; l\u2019home aquest, just i piet\u00f3s, estava expectant la consolaci\u00f3 d\u2019Israel, i l\u2019Esperit Sant era amb ell. Havia estat, per\u00f2, avisat per una revelaci\u00f3 de l\u2019Esperit Sant que no veuria la mort sense que hagu\u00e9s vist el Messies del Senyor. Inspirat per l\u2019Esperit an\u00e0 al Temple i, quan els pares hi hagueren introdu\u00eft l\u2019infant Jes\u00fas a fi de complir ells, segons el costum de la Llei, el que li concernia, tamb\u00e9 ell el prengu\u00e9 en els seus bra\u00e7os, bene\u00ed D\u00e9u i digu\u00e9: \u201cAra vas a afranquir el teu esclau. Amo, segons la teva paraula, en pau, perqu\u00e8 els meus ulls han vist la teva salvaci\u00f3, la que havies preparat en pres\u00e8ncia de tots els pobles: una llum per a revelaci\u00f3 i gl\u00f2ria del teu poble, Israel.\u201d<\/p>\n<p>Estaven el seu pare i la seva mare meravellant-se pel que es deia sobre ell. Sime\u00f3 els bene\u00ed i digu\u00e9 a Maria la seva mare: \u201cMira, aquest ha estat destinat per a ru\u00efna i per a al\u00e7ament de molts d\u2019Israel, com un senyal de contradicci\u00f3; i a tu mateixa, per\u00f2, una espasa et traspassar\u00e0 l\u2019\u00e0nima per tal que es desvelin els raonament de molts cors.\u201d<\/p>\n<\/div>\n<\/div>\n<\/div>\n<\/div>\n<\/blockquote>\n","protected":false},"excerpt":{"rendered":"<p>Evangeli del mes (Lc. 2, 22-35) Purificaci\u00f3 i presentaci\u00f3 de Jes\u00fas Quan es compliren els dies de la purificaci\u00f3 de l\u2019infant, d\u2019acord amb la Llei de Mois\u00e8s, se l\u2019emportaren a [&hellip;]<\/p>\n","protected":false},"author":1,"featured_media":5289,"comment_status":"closed","ping_status":"closed","sticky":false,"template":"","format":"standard","meta":{"footnotes":""},"categories":[14],"tags":[],"class_list":["post-5286","post","type-post","status-publish","format-standard","has-post-thumbnail","hentry","category-levangeli-del-mes"],"_links":{"self":[{"href":"https:\/\/donesesglesia.cat\/wp_cde\/wp-json\/wp\/v2\/posts\/5286","targetHints":{"allow":["GET"]}}],"collection":[{"href":"https:\/\/donesesglesia.cat\/wp_cde\/wp-json\/wp\/v2\/posts"}],"about":[{"href":"https:\/\/donesesglesia.cat\/wp_cde\/wp-json\/wp\/v2\/types\/post"}],"author":[{"embeddable":true,"href":"https:\/\/donesesglesia.cat\/wp_cde\/wp-json\/wp\/v2\/users\/1"}],"replies":[{"embeddable":true,"href":"https:\/\/donesesglesia.cat\/wp_cde\/wp-json\/wp\/v2\/comments?post=5286"}],"version-history":[{"count":4,"href":"https:\/\/donesesglesia.cat\/wp_cde\/wp-json\/wp\/v2\/posts\/5286\/revisions"}],"predecessor-version":[{"id":5294,"href":"https:\/\/donesesglesia.cat\/wp_cde\/wp-json\/wp\/v2\/posts\/5286\/revisions\/5294"}],"wp:featuredmedia":[{"embeddable":true,"href":"https:\/\/donesesglesia.cat\/wp_cde\/wp-json\/wp\/v2\/media\/5289"}],"wp:attachment":[{"href":"https:\/\/donesesglesia.cat\/wp_cde\/wp-json\/wp\/v2\/media?parent=5286"}],"wp:term":[{"taxonomy":"category","embeddable":true,"href":"https:\/\/donesesglesia.cat\/wp_cde\/wp-json\/wp\/v2\/categories?post=5286"},{"taxonomy":"post_tag","embeddable":true,"href":"https:\/\/donesesglesia.cat\/wp_cde\/wp-json\/wp\/v2\/tags?post=5286"}],"curies":[{"name":"wp","href":"https:\/\/api.w.org\/{rel}","templated":true}]}}