{"id":5191,"date":"2017-10-08T19:08:10","date_gmt":"2017-10-08T19:08:10","guid":{"rendered":"http:\/\/donesesglesia.cat\/wp_cde\/?p=5191"},"modified":"2017-10-08T19:08:42","modified_gmt":"2017-10-08T19:08:42","slug":"reflexio-octubre-2017","status":"publish","type":"post","link":"https:\/\/donesesglesia.cat\/wp_cde\/reflexio-octubre-2017\/","title":{"rendered":"Reflexi\u00f3: Octubre 2017"},"content":{"rendered":"<blockquote>\n<h3>EL PAPER DE LES DONES EN L&#8217;ESGL\u00c9SIA<br \/>\n <a href=\"http:\/\/donesesglesia.cat\/wp_cde\/index.php\/2017\/09\/03\/reflexio-setembre-2017\/reflexio-setembre2017_p\/\" rel=\"attachment wp-att-5138\"><br \/>\n <\/a><a href=\"http:\/\/donesesglesia.cat\/wp_cde\/index.php\/2017\/10\/08\/reflexio-octubre-2017\/reflexio-octubre2017\/\" rel=\"attachment wp-att-5196\"><img loading=\"lazy\" decoding=\"async\" class=\"aligncenter size-full wp-image-5196\" src=\"http:\/\/donesesglesia.cat\/wp_cde\/wp-content\/uploads\/2017\/10\/reflexio-octubre2017.jpg\" alt=\"\" width=\"630\" height=\"349\" srcset=\"https:\/\/donesesglesia.cat\/wp_cde\/wp-content\/uploads\/2017\/10\/reflexio-octubre2017.jpg 630w, https:\/\/donesesglesia.cat\/wp_cde\/wp-content\/uploads\/2017\/10\/reflexio-octubre2017-300x166.jpg 300w\" sizes=\"auto, (max-width: 630px) 100vw, 630px\" \/><\/a><\/h3>\n<p>Us adjuntem dos textos sobre el paper de les dones en l\u2019Esgl\u00e9sia:<\/p>\n<ul>\n<li><a href=\"http:\/\/donesesglesia.cat\/wp_cde\/wp-content\/uploads\/2017\/10\/manifest-ordenacio-dones_esglesies-reformades.pdf\" target=\"_blank\" rel=\"noopener\">\u201cUna declaraci\u00f3n de fe sobre la ordenaci\u00f3n de la mujer\u201d<\/a>, de les Esgl\u00e9sies Reformades<\/li>\n<li><a href=\"http:\/\/donesesglesia.cat\/wp_cde\/wp-content\/uploads\/2017\/10\/mensaje-37-congreso-teologia.pdf\" target=\"_blank\" rel=\"noopener\">\u201cMujeres y religi\u00f3n: de la discriminaci\u00f3n a la igualdad de g\u00e9nero\u201d<\/a>, que \u00e9s el missatge del 37 Congr\u00e9s de Teologia de la Asociaci\u00f3n de te\u00f3logos Juan XXIII.<\/li>\n<\/ul>\n<\/blockquote>\n","protected":false},"excerpt":{"rendered":"<p>EL PAPER DE LES DONES EN L&#8217;ESGL\u00c9SIA Us adjuntem dos textos sobre el paper de les dones en l\u2019Esgl\u00e9sia: \u201cUna declaraci\u00f3n de fe sobre la ordenaci\u00f3n de la mujer\u201d, de [&hellip;]<\/p>\n","protected":false},"author":1,"featured_media":5196,"comment_status":"closed","ping_status":"closed","sticky":false,"template":"","format":"standard","meta":{"footnotes":""},"categories":[14],"tags":[],"class_list":["post-5191","post","type-post","status-publish","format-standard","has-post-thumbnail","hentry","category-levangeli-del-mes"],"_links":{"self":[{"href":"https:\/\/donesesglesia.cat\/wp_cde\/wp-json\/wp\/v2\/posts\/5191","targetHints":{"allow":["GET"]}}],"collection":[{"href":"https:\/\/donesesglesia.cat\/wp_cde\/wp-json\/wp\/v2\/posts"}],"about":[{"href":"https:\/\/donesesglesia.cat\/wp_cde\/wp-json\/wp\/v2\/types\/post"}],"author":[{"embeddable":true,"href":"https:\/\/donesesglesia.cat\/wp_cde\/wp-json\/wp\/v2\/users\/1"}],"replies":[{"embeddable":true,"href":"https:\/\/donesesglesia.cat\/wp_cde\/wp-json\/wp\/v2\/comments?post=5191"}],"version-history":[{"count":4,"href":"https:\/\/donesesglesia.cat\/wp_cde\/wp-json\/wp\/v2\/posts\/5191\/revisions"}],"predecessor-version":[{"id":5198,"href":"https:\/\/donesesglesia.cat\/wp_cde\/wp-json\/wp\/v2\/posts\/5191\/revisions\/5198"}],"wp:featuredmedia":[{"embeddable":true,"href":"https:\/\/donesesglesia.cat\/wp_cde\/wp-json\/wp\/v2\/media\/5196"}],"wp:attachment":[{"href":"https:\/\/donesesglesia.cat\/wp_cde\/wp-json\/wp\/v2\/media?parent=5191"}],"wp:term":[{"taxonomy":"category","embeddable":true,"href":"https:\/\/donesesglesia.cat\/wp_cde\/wp-json\/wp\/v2\/categories?post=5191"},{"taxonomy":"post_tag","embeddable":true,"href":"https:\/\/donesesglesia.cat\/wp_cde\/wp-json\/wp\/v2\/tags?post=5191"}],"curies":[{"name":"wp","href":"https:\/\/api.w.org\/{rel}","templated":true}]}}