{"id":5137,"date":"2017-09-03T17:20:33","date_gmt":"2017-09-03T17:20:33","guid":{"rendered":"http:\/\/donesesglesia.cat\/wp_cde\/?p=5137"},"modified":"2017-10-05T15:28:41","modified_gmt":"2017-10-05T15:28:41","slug":"reflexio-setembre-2017","status":"publish","type":"post","link":"https:\/\/donesesglesia.cat\/wp_cde\/reflexio-setembre-2017\/","title":{"rendered":"Reflexi\u00f3: Setembre 2017"},"content":{"rendered":"<blockquote>\n<h3>EN LA COMUNITAT DE SIM\u00d3 I ANDREU<br \/>\n <a href=\"http:\/\/donesesglesia.cat\/wp_cde\/index.php\/2017\/09\/03\/reflexio-setembre-2017\/reflexio-setembre2017_p\/\" rel=\"attachment wp-att-5138\"><br \/>\n <\/a> <a href=\"http:\/\/donesesglesia.cat\/wp_cde\/index.php\/2017\/09\/03\/reflexio-setembre-2017\/reflexio-setembre2017\/\" rel=\"attachment wp-att-5139\"><img loading=\"lazy\" decoding=\"async\" class=\"aligncenter  wp-image-5139\" src=\"http:\/\/donesesglesia.cat\/wp_cde\/wp-content\/uploads\/2017\/09\/reflexio-setembre2017.jpg\" alt=\"\" width=\"601\" height=\"409\" srcset=\"https:\/\/donesesglesia.cat\/wp_cde\/wp-content\/uploads\/2017\/09\/reflexio-setembre2017.jpg 989w, https:\/\/donesesglesia.cat\/wp_cde\/wp-content\/uploads\/2017\/09\/reflexio-setembre2017-300x204.jpg 300w, https:\/\/donesesglesia.cat\/wp_cde\/wp-content\/uploads\/2017\/09\/reflexio-setembre2017-768x523.jpg 768w, https:\/\/donesesglesia.cat\/wp_cde\/wp-content\/uploads\/2017\/09\/reflexio-setembre2017-140x94.jpg 140w\" sizes=\"auto, (max-width: 601px) 100vw, 601px\" \/><\/a><\/h3>\n<p>S\u2019al\u00e7\u00e0 de la sinagoga i an\u00e0 a la comunitat de Sim\u00f3 i Andreu.<\/p>\n<p>Tanmateix, la sogra de Sim\u00f3 estava retinguda per una febre molt alta, i li demanaren que fes quelcom per ella. Havent-se pla\u00e7at damunt d\u2019ella, va conjurar la febre.<\/p>\n<p>La va deixar a l\u2019instant, fins al punt d\u2019aixecar-se ella i posar-se a servir-los.<\/p>\n<p>Quan s\u2019hagu\u00e9 post el sol, enterament tots els qui tenien gent afeblida per diverses malalties els anaven portant cap a ell.<\/p>\n<p>Ell, imposant les mans a cada un d\u2019ells, els anava guarint.<br \/>\n Sortien, per\u00f2, tamb\u00e9 dimonis de molts d\u2019ells xisclant i dient: \u201c\u00a1Tu ets el Fill de D\u00e9u!\u201d. Conjurant-los no els deixava parlar, perqu\u00e8 sabien que ell era el Messies.<\/p>\n<p>Evangeli de Lluc 4,38-41 segons D05 (Codex Beza)<\/p>\n<\/blockquote>\n","protected":false},"excerpt":{"rendered":"<p>EN LA COMUNITAT DE SIM\u00d3 I ANDREU S\u2019al\u00e7\u00e0 de la sinagoga i an\u00e0 a la comunitat de Sim\u00f3 i Andreu. Tanmateix, la sogra de Sim\u00f3 estava retinguda per una febre [&hellip;]<\/p>\n","protected":false},"author":1,"featured_media":5138,"comment_status":"closed","ping_status":"closed","sticky":false,"template":"","format":"standard","meta":{"footnotes":""},"categories":[14],"tags":[],"class_list":["post-5137","post","type-post","status-publish","format-standard","has-post-thumbnail","hentry","category-levangeli-del-mes"],"_links":{"self":[{"href":"https:\/\/donesesglesia.cat\/wp_cde\/wp-json\/wp\/v2\/posts\/5137","targetHints":{"allow":["GET"]}}],"collection":[{"href":"https:\/\/donesesglesia.cat\/wp_cde\/wp-json\/wp\/v2\/posts"}],"about":[{"href":"https:\/\/donesesglesia.cat\/wp_cde\/wp-json\/wp\/v2\/types\/post"}],"author":[{"embeddable":true,"href":"https:\/\/donesesglesia.cat\/wp_cde\/wp-json\/wp\/v2\/users\/1"}],"replies":[{"embeddable":true,"href":"https:\/\/donesesglesia.cat\/wp_cde\/wp-json\/wp\/v2\/comments?post=5137"}],"version-history":[{"count":6,"href":"https:\/\/donesesglesia.cat\/wp_cde\/wp-json\/wp\/v2\/posts\/5137\/revisions"}],"predecessor-version":[{"id":5190,"href":"https:\/\/donesesglesia.cat\/wp_cde\/wp-json\/wp\/v2\/posts\/5137\/revisions\/5190"}],"wp:featuredmedia":[{"embeddable":true,"href":"https:\/\/donesesglesia.cat\/wp_cde\/wp-json\/wp\/v2\/media\/5138"}],"wp:attachment":[{"href":"https:\/\/donesesglesia.cat\/wp_cde\/wp-json\/wp\/v2\/media?parent=5137"}],"wp:term":[{"taxonomy":"category","embeddable":true,"href":"https:\/\/donesesglesia.cat\/wp_cde\/wp-json\/wp\/v2\/categories?post=5137"},{"taxonomy":"post_tag","embeddable":true,"href":"https:\/\/donesesglesia.cat\/wp_cde\/wp-json\/wp\/v2\/tags?post=5137"}],"curies":[{"name":"wp","href":"https:\/\/api.w.org\/{rel}","templated":true}]}}