{"id":4760,"date":"2017-01-01T16:13:06","date_gmt":"2017-01-01T16:13:06","guid":{"rendered":"http:\/\/donesesglesia.cat\/wp_cde\/?p=4760"},"modified":"2017-01-07T16:17:24","modified_gmt":"2017-01-07T16:17:24","slug":"reflexio-gener-2017","status":"publish","type":"post","link":"https:\/\/donesesglesia.cat\/wp_cde\/reflexio-gener-2017\/","title":{"rendered":"Reflexi\u00f3: Gener 2017"},"content":{"rendered":"<blockquote>\n<p style=\"text-align: center;\"><img loading=\"lazy\" decoding=\"async\" class=\"size-full wp-image-4761 aligncenter\" src=\"http:\/\/donesesglesia.cat\/wp_cde\/wp-content\/uploads\/2017\/01\/reflexio-gener2017.jpg\" alt=\"\" width=\"630\" height=\"328\" srcset=\"https:\/\/donesesglesia.cat\/wp_cde\/wp-content\/uploads\/2017\/01\/reflexio-gener2017.jpg 630w, https:\/\/donesesglesia.cat\/wp_cde\/wp-content\/uploads\/2017\/01\/reflexio-gener2017-300x156.jpg 300w\" sizes=\"auto, (max-width: 630px) 100vw, 630px\" \/><br \/>\n\u201cL\u2019exemple de Santa Teresa de Lisieux ens convida a la pr\u00e0ctica del petit cam\u00ed de l\u2019amor, a no perdre l\u2019oportunitat d\u2019una paraula amable, d\u2019un somriure, de qualsevol petit gest que sembri pau i amistat.<br \/>\nUna ecologia integral tamb\u00e9 est\u00e0 feta de simples gestos quotidians, on trenquem la l\u00f2gica de la viol\u00e8ncia, de l\u2019aprofitament, de l\u2019egoisme.<i>&#8220;<\/i><\/p>\n<p style=\"text-align: center;\"><i>Francesc: Missatge Jornada de la Pau 2017<\/i><\/p>\n<\/blockquote>\n","protected":false},"excerpt":{"rendered":"<p>\u201cL\u2019exemple de Santa Teresa de Lisieux ens convida a la pr\u00e0ctica del petit cam\u00ed de l\u2019amor, a no perdre l\u2019oportunitat d\u2019una paraula amable, d\u2019un somriure, de qualsevol petit gest que [&hellip;]<\/p>\n","protected":false},"author":1,"featured_media":4761,"comment_status":"closed","ping_status":"closed","sticky":false,"template":"","format":"standard","meta":{"footnotes":""},"categories":[14],"tags":[],"class_list":["post-4760","post","type-post","status-publish","format-standard","has-post-thumbnail","hentry","category-levangeli-del-mes"],"_links":{"self":[{"href":"https:\/\/donesesglesia.cat\/wp_cde\/wp-json\/wp\/v2\/posts\/4760","targetHints":{"allow":["GET"]}}],"collection":[{"href":"https:\/\/donesesglesia.cat\/wp_cde\/wp-json\/wp\/v2\/posts"}],"about":[{"href":"https:\/\/donesesglesia.cat\/wp_cde\/wp-json\/wp\/v2\/types\/post"}],"author":[{"embeddable":true,"href":"https:\/\/donesesglesia.cat\/wp_cde\/wp-json\/wp\/v2\/users\/1"}],"replies":[{"embeddable":true,"href":"https:\/\/donesesglesia.cat\/wp_cde\/wp-json\/wp\/v2\/comments?post=4760"}],"version-history":[{"count":3,"href":"https:\/\/donesesglesia.cat\/wp_cde\/wp-json\/wp\/v2\/posts\/4760\/revisions"}],"predecessor-version":[{"id":4764,"href":"https:\/\/donesesglesia.cat\/wp_cde\/wp-json\/wp\/v2\/posts\/4760\/revisions\/4764"}],"wp:featuredmedia":[{"embeddable":true,"href":"https:\/\/donesesglesia.cat\/wp_cde\/wp-json\/wp\/v2\/media\/4761"}],"wp:attachment":[{"href":"https:\/\/donesesglesia.cat\/wp_cde\/wp-json\/wp\/v2\/media?parent=4760"}],"wp:term":[{"taxonomy":"category","embeddable":true,"href":"https:\/\/donesesglesia.cat\/wp_cde\/wp-json\/wp\/v2\/categories?post=4760"},{"taxonomy":"post_tag","embeddable":true,"href":"https:\/\/donesesglesia.cat\/wp_cde\/wp-json\/wp\/v2\/tags?post=4760"}],"curies":[{"name":"wp","href":"https:\/\/api.w.org\/{rel}","templated":true}]}}