{"id":4717,"date":"2016-11-23T22:23:03","date_gmt":"2016-11-23T22:23:03","guid":{"rendered":"http:\/\/donesesglesia.cat\/wp_cde\/?p=4717"},"modified":"2016-11-23T22:23:03","modified_gmt":"2016-11-23T22:23:03","slug":"exposicio-violencia-masclista-en-la-parella-desmuntem-mites","status":"publish","type":"post","link":"https:\/\/donesesglesia.cat\/wp_cde\/exposicio-violencia-masclista-en-la-parella-desmuntem-mites\/","title":{"rendered":"Exposici\u00f3: &#8220;Viol\u00e8ncia masclista en la parella: desmuntem mites?&#8221;"},"content":{"rendered":"<h3>Centre C\u00edvic Pla de Palau<br \/>\n Del 21 al 30 de novembre de 2016<\/h3>\n<h4><strong>Viol\u00e8ncia masclista en la parella:<\/strong><br \/>\n<strong> Desmuntem mites?<\/strong><\/h4>\n<p>En motiu del dia contra la viol\u00e8ncia de g\u00e8nere, aquesta mostra proposa una revisi\u00f3 d&#8217;alguns mites associats a l&#8217;amor rom\u00e0ntic i a la viol\u00e8ncia masclista i, alhora, ofereix idees per a transformar-los i avan\u00e7ar, aix\u00ed, vers unes relacions lliures d&#8217;aquesta viol\u00e8ncia.<\/p>\n<p>\n<a href=\"http:\/\/donesesglesia.cat\/wp_cde\/wp-content\/uploads\/2016\/11\/exposicio_violencia-masclista-parella.pdf\"><img loading=\"lazy\" decoding=\"async\" class=\"aligncenter wp-image-4725\" src=\"http:\/\/donesesglesia.cat\/wp_cde\/wp-content\/uploads\/2016\/11\/exposicio_violencia-masclista-parella-1-724x1024.jpg\" alt=\"exposicio_violencia-masclista-parella\" width=\"477\" height=\"675\" srcset=\"https:\/\/donesesglesia.cat\/wp_cde\/wp-content\/uploads\/2016\/11\/exposicio_violencia-masclista-parella-1.jpg 724w, https:\/\/donesesglesia.cat\/wp_cde\/wp-content\/uploads\/2016\/11\/exposicio_violencia-masclista-parella-1-212x300.jpg 212w\" sizes=\"auto, (max-width: 477px) 100vw, 477px\" \/><\/a><\/p>\n<p>&nbsp;<\/p>\n","protected":false},"excerpt":{"rendered":"<p>Centre C\u00edvic Pla de Palau Del 21 al 30 de novembre de 2016 Viol\u00e8ncia masclista en la parella: Desmuntem mites? En motiu del dia contra la viol\u00e8ncia de g\u00e8nere, aquesta [&hellip;]<\/p>\n","protected":false},"author":1,"featured_media":4718,"comment_status":"closed","ping_status":"closed","sticky":false,"template":"","format":"standard","meta":{"footnotes":""},"categories":[7,5],"tags":[],"class_list":["post-4717","post","type-post","status-publish","format-standard","has-post-thumbnail","hentry","category-activitats-cde-girona","category-noticies"],"_links":{"self":[{"href":"https:\/\/donesesglesia.cat\/wp_cde\/wp-json\/wp\/v2\/posts\/4717","targetHints":{"allow":["GET"]}}],"collection":[{"href":"https:\/\/donesesglesia.cat\/wp_cde\/wp-json\/wp\/v2\/posts"}],"about":[{"href":"https:\/\/donesesglesia.cat\/wp_cde\/wp-json\/wp\/v2\/types\/post"}],"author":[{"embeddable":true,"href":"https:\/\/donesesglesia.cat\/wp_cde\/wp-json\/wp\/v2\/users\/1"}],"replies":[{"embeddable":true,"href":"https:\/\/donesesglesia.cat\/wp_cde\/wp-json\/wp\/v2\/comments?post=4717"}],"version-history":[{"count":0,"href":"https:\/\/donesesglesia.cat\/wp_cde\/wp-json\/wp\/v2\/posts\/4717\/revisions"}],"wp:featuredmedia":[{"embeddable":true,"href":"https:\/\/donesesglesia.cat\/wp_cde\/wp-json\/wp\/v2\/media\/4718"}],"wp:attachment":[{"href":"https:\/\/donesesglesia.cat\/wp_cde\/wp-json\/wp\/v2\/media?parent=4717"}],"wp:term":[{"taxonomy":"category","embeddable":true,"href":"https:\/\/donesesglesia.cat\/wp_cde\/wp-json\/wp\/v2\/categories?post=4717"},{"taxonomy":"post_tag","embeddable":true,"href":"https:\/\/donesesglesia.cat\/wp_cde\/wp-json\/wp\/v2\/tags?post=4717"}],"curies":[{"name":"wp","href":"https:\/\/api.w.org\/{rel}","templated":true}]}}