{"id":4682,"date":"2016-10-04T09:37:33","date_gmt":"2016-10-04T09:37:33","guid":{"rendered":"http:\/\/donesesglesia.cat\/wp_cde\/?p=4682"},"modified":"2016-12-06T23:09:08","modified_gmt":"2016-12-06T23:09:08","slug":"reflexio-octubre-2016","status":"publish","type":"post","link":"https:\/\/donesesglesia.cat\/wp_cde\/reflexio-octubre-2016\/","title":{"rendered":"Reflexi\u00f3 &#8211; Octubre 2016"},"content":{"rendered":"<blockquote>\n<p><img loading=\"lazy\" decoding=\"async\" class=\"aligncenter size-full wp-image-4685\" src=\"http:\/\/donesesglesia.cat\/wp_cde\/wp-content\/uploads\/2016\/10\/reflexio-octubre2016_g.jpg\" alt=\"reflexio-octubre2016_g\" width=\"630\" height=\"362\" srcset=\"https:\/\/donesesglesia.cat\/wp_cde\/wp-content\/uploads\/2016\/10\/reflexio-octubre2016_g.jpg 630w, https:\/\/donesesglesia.cat\/wp_cde\/wp-content\/uploads\/2016\/10\/reflexio-octubre2016_g-300x172.jpg 300w, https:\/\/donesesglesia.cat\/wp_cde\/wp-content\/uploads\/2016\/10\/reflexio-octubre2016_g-136x77.jpg 136w\" sizes=\"auto, (max-width: 630px) 100vw, 630px\" \/><br \/>\n \u201cEl creixement de la desigualtat ve de lluny, des d\u2019aquelles fat\u00eddiques d\u00e8cades dels anys 70 i 80 del segle passat, quan les pot\u00e8ncies mundials van imposar la revoluci\u00f3 conservadora de la Tatcher i en Reagan, escanyant les economies dels pa\u00efsos en vies de desenvolupament amb l\u2019al\u00e7a dels tipus d\u2019inter\u00e8s sobre el seu deute extern, exigint-los la reducci\u00f3 de les despeses socials de sanitat i educaci\u00f3, la reducci\u00f3 de l\u2019Estat, el desmantellament de l\u2019estat del benestar a Europa, la precaritzaci\u00f3 de la feina i la marginaci\u00f3 de la lluita obrera arreu del m\u00f3n, l\u2019afogament de les revolucions populars a Am\u00e8rica Llatina&#8230; fins i tot amb la benedicci\u00f3 de la central vaticana de torn en aquelles d\u00e8cades, i la desqualificaci\u00f3 de la teologia de l\u2019alliberament, dels seus te\u00f2legs, dels seus bisbes, de l\u2019Esgl\u00e9sia dels pobres.<\/p>\n<div class=\"page\" title=\"Page 2\">\n<div class=\"layoutArea\">\n<div class=\"column\">\n<p>L\u20191% m\u00e9s ric de la poblaci\u00f3, aquest any 2016, superar\u00e0 el seu propi r\u00e8cord patrimonial traspassant la barrera psicol\u00f2gica del 50% de la riquesa del m\u00f3n: ha aconseguit la meitat dels b\u00e9ns del m\u00f3n (i continua creixent); l\u2019altra meitat queda a repartir per a tota la resta dels humans, el 99% de la poblaci\u00f3 mundial.\u201d<\/p>\n<\/div>\n<\/div>\n<\/div>\n<p><em>Viure per veure <\/em>(Agenda Llatinoamericana)<\/p>\n<\/blockquote>\n","protected":false},"excerpt":{"rendered":"<p>\u201cEl creixement de la desigualtat ve de lluny, des d\u2019aquelles fat\u00eddiques d\u00e8cades dels anys 70 i 80 del segle passat, quan les pot\u00e8ncies mundials van imposar la revoluci\u00f3 conservadora de [&hellip;]<\/p>\n","protected":false},"author":1,"featured_media":4685,"comment_status":"closed","ping_status":"closed","sticky":false,"template":"","format":"standard","meta":{"footnotes":""},"categories":[14],"tags":[],"class_list":["post-4682","post","type-post","status-publish","format-standard","has-post-thumbnail","hentry","category-levangeli-del-mes"],"_links":{"self":[{"href":"https:\/\/donesesglesia.cat\/wp_cde\/wp-json\/wp\/v2\/posts\/4682","targetHints":{"allow":["GET"]}}],"collection":[{"href":"https:\/\/donesesglesia.cat\/wp_cde\/wp-json\/wp\/v2\/posts"}],"about":[{"href":"https:\/\/donesesglesia.cat\/wp_cde\/wp-json\/wp\/v2\/types\/post"}],"author":[{"embeddable":true,"href":"https:\/\/donesesglesia.cat\/wp_cde\/wp-json\/wp\/v2\/users\/1"}],"replies":[{"embeddable":true,"href":"https:\/\/donesesglesia.cat\/wp_cde\/wp-json\/wp\/v2\/comments?post=4682"}],"version-history":[{"count":0,"href":"https:\/\/donesesglesia.cat\/wp_cde\/wp-json\/wp\/v2\/posts\/4682\/revisions"}],"wp:featuredmedia":[{"embeddable":true,"href":"https:\/\/donesesglesia.cat\/wp_cde\/wp-json\/wp\/v2\/media\/4685"}],"wp:attachment":[{"href":"https:\/\/donesesglesia.cat\/wp_cde\/wp-json\/wp\/v2\/media?parent=4682"}],"wp:term":[{"taxonomy":"category","embeddable":true,"href":"https:\/\/donesesglesia.cat\/wp_cde\/wp-json\/wp\/v2\/categories?post=4682"},{"taxonomy":"post_tag","embeddable":true,"href":"https:\/\/donesesglesia.cat\/wp_cde\/wp-json\/wp\/v2\/tags?post=4682"}],"curies":[{"name":"wp","href":"https:\/\/api.w.org\/{rel}","templated":true}]}}