{"id":4574,"date":"2016-06-30T17:42:54","date_gmt":"2016-06-30T17:42:54","guid":{"rendered":"http:\/\/donesesglesia.cat\/wp_cde\/?p=4574"},"modified":"2016-06-30T17:42:54","modified_gmt":"2016-06-30T17:42:54","slug":"reflexio-juliol-2016","status":"publish","type":"post","link":"https:\/\/donesesglesia.cat\/wp_cde\/reflexio-juliol-2016\/","title":{"rendered":"Reflexi\u00f3 &#8211; Juliol 2016"},"content":{"rendered":"<blockquote>\n<p><img loading=\"lazy\" decoding=\"async\" class=\" wp-image-4577 alignright\" src=\"http:\/\/donesesglesia.cat\/wp_cde\/wp-content\/uploads\/2016\/06\/reflexio-juliol2016_p-300x300.jpg\" alt=\"reflexio-juliol2016_p\" width=\"234\" height=\"234\" srcset=\"https:\/\/donesesglesia.cat\/wp_cde\/wp-content\/uploads\/2016\/06\/reflexio-juliol2016_p-300x300.jpg 300w, https:\/\/donesesglesia.cat\/wp_cde\/wp-content\/uploads\/2016\/06\/reflexio-juliol2016_p-150x150.jpg 150w, https:\/\/donesesglesia.cat\/wp_cde\/wp-content\/uploads\/2016\/06\/reflexio-juliol2016_p-768x768.jpg 768w, https:\/\/donesesglesia.cat\/wp_cde\/wp-content\/uploads\/2016\/06\/reflexio-juliol2016_p-37x37.jpg 37w, https:\/\/donesesglesia.cat\/wp_cde\/wp-content\/uploads\/2016\/06\/reflexio-juliol2016_p-128x128.jpg 128w, https:\/\/donesesglesia.cat\/wp_cde\/wp-content\/uploads\/2016\/06\/reflexio-juliol2016_p-184x184.jpg 184w, https:\/\/donesesglesia.cat\/wp_cde\/wp-content\/uploads\/2016\/06\/reflexio-juliol2016_p.jpg 800w\" sizes=\"auto, (max-width: 234px) 100vw, 234px\" \/>\u201cCom a germans son tots iguals, perqu\u00e8 participen de l\u2019Esperit, com un poder de D\u00e9u per a la\u00a0salvaci\u00f3. Son cridats, elegits i sants, fills adoptats de D\u00e9u. Tots sense excepci\u00f3: jueus, pagans, esclaus, lliures, pobres, rics, homes i dones tots dos, igualment els que tenien categoria\u00a0com els que no eren \u201cres\u201d als ulls del m\u00f3n. La seva igualtat en l\u2019Esperit s\u2019expressava amb el\u00a0fet que els c\u00e0rrecs directrius i la plena participaci\u00f3, eren assequibles per un igual a tots,\u00a0grecs, jueus, b\u00e0rbars, esclaus, lliures, rics i pobres, dones i homes. Per tant, anomenen la seva assemblea amb el terme democr\u00e0tic \u201cekklesia\u201d\u201d.<\/p>\n<p>Elisabeth Sch\u00fcssler Foirenza: &#8220;<em>Una comunitat de deixebles iguals&#8221;<\/em>. 1992<\/p>\n<\/blockquote>\n","protected":false},"excerpt":{"rendered":"<p>\u201cCom a germans son tots iguals, perqu\u00e8 participen de l\u2019Esperit, com un poder de D\u00e9u per a la\u00a0salvaci\u00f3. Son cridats, elegits i sants, fills adoptats de D\u00e9u. Tots sense excepci\u00f3: [&hellip;]<\/p>\n","protected":false},"author":1,"featured_media":4576,"comment_status":"closed","ping_status":"closed","sticky":false,"template":"","format":"standard","meta":{"footnotes":""},"categories":[14],"tags":[],"class_list":["post-4574","post","type-post","status-publish","format-standard","has-post-thumbnail","hentry","category-levangeli-del-mes"],"_links":{"self":[{"href":"https:\/\/donesesglesia.cat\/wp_cde\/wp-json\/wp\/v2\/posts\/4574","targetHints":{"allow":["GET"]}}],"collection":[{"href":"https:\/\/donesesglesia.cat\/wp_cde\/wp-json\/wp\/v2\/posts"}],"about":[{"href":"https:\/\/donesesglesia.cat\/wp_cde\/wp-json\/wp\/v2\/types\/post"}],"author":[{"embeddable":true,"href":"https:\/\/donesesglesia.cat\/wp_cde\/wp-json\/wp\/v2\/users\/1"}],"replies":[{"embeddable":true,"href":"https:\/\/donesesglesia.cat\/wp_cde\/wp-json\/wp\/v2\/comments?post=4574"}],"version-history":[{"count":0,"href":"https:\/\/donesesglesia.cat\/wp_cde\/wp-json\/wp\/v2\/posts\/4574\/revisions"}],"wp:featuredmedia":[{"embeddable":true,"href":"https:\/\/donesesglesia.cat\/wp_cde\/wp-json\/wp\/v2\/media\/4576"}],"wp:attachment":[{"href":"https:\/\/donesesglesia.cat\/wp_cde\/wp-json\/wp\/v2\/media?parent=4574"}],"wp:term":[{"taxonomy":"category","embeddable":true,"href":"https:\/\/donesesglesia.cat\/wp_cde\/wp-json\/wp\/v2\/categories?post=4574"},{"taxonomy":"post_tag","embeddable":true,"href":"https:\/\/donesesglesia.cat\/wp_cde\/wp-json\/wp\/v2\/tags?post=4574"}],"curies":[{"name":"wp","href":"https:\/\/api.w.org\/{rel}","templated":true}]}}