{"id":4541,"date":"2016-06-03T15:57:35","date_gmt":"2016-06-03T15:57:35","guid":{"rendered":"http:\/\/donesesglesia.cat\/wp_cde\/?p=4541"},"modified":"2016-06-03T15:58:09","modified_gmt":"2016-06-03T15:58:09","slug":"reflexio-juny-2016","status":"publish","type":"post","link":"https:\/\/donesesglesia.cat\/wp_cde\/reflexio-juny-2016\/","title":{"rendered":"Reflexi\u00f3 &#8211; Juny 2016"},"content":{"rendered":"<blockquote>\n<p>\u00a0<a href=\"http:\/\/donesesglesia.cat\/wp_cde\/wp-content\/uploads\/2016\/06\/reflexio-juny2016_p.jpg\"><img loading=\"lazy\" decoding=\"async\" class=\"alignright wp-image-4543\" src=\"http:\/\/donesesglesia.cat\/wp_cde\/wp-content\/uploads\/2016\/06\/reflexio-juny2016_p-300x300.jpg\" alt=\"reflexio-juny2016_p\" width=\"226\" height=\"226\" srcset=\"https:\/\/donesesglesia.cat\/wp_cde\/wp-content\/uploads\/2016\/06\/reflexio-juny2016_p-300x300.jpg 300w, https:\/\/donesesglesia.cat\/wp_cde\/wp-content\/uploads\/2016\/06\/reflexio-juny2016_p-150x150.jpg 150w, https:\/\/donesesglesia.cat\/wp_cde\/wp-content\/uploads\/2016\/06\/reflexio-juny2016_p-768x768.jpg 768w, https:\/\/donesesglesia.cat\/wp_cde\/wp-content\/uploads\/2016\/06\/reflexio-juny2016_p-37x37.jpg 37w, https:\/\/donesesglesia.cat\/wp_cde\/wp-content\/uploads\/2016\/06\/reflexio-juny2016_p-128x128.jpg 128w, https:\/\/donesesglesia.cat\/wp_cde\/wp-content\/uploads\/2016\/06\/reflexio-juny2016_p-184x184.jpg 184w, https:\/\/donesesglesia.cat\/wp_cde\/wp-content\/uploads\/2016\/06\/reflexio-juny2016_p.jpg 800w\" sizes=\"auto, (max-width: 226px) 100vw, 226px\" \/><\/a><\/p>\n<p> \u201cEls estudis sociol\u00f2gics ho destaquen amb dades contundents: els cristians de les nostres esgl\u00e9sies occidentals estan abandonant la missa dominical. La celebraci\u00f3, tal com ha quedat\u00a0configurada al llarg dels segles, ja no \u00e9s capa\u00e7 de nodrir la seva fe ni de vincular la comunitat\u00a0de Jes\u00fas.<br \/>El sorprenent \u00e9s que estem deixant que la missa \u201ces perdi\u201d sense que aquest fet gaireb\u00e9 no\u00a0provoqui cap reacci\u00f3 en nosaltres. No \u00e9s l&#8217;Eucaristia el centre de la vida cristiana?\u201d.<\/p>\n<p>Jos\u00e9 Antonio Pagola<\/p>\n<\/blockquote>\n","protected":false},"excerpt":{"rendered":"<p>\u00a0 \u201cEls estudis sociol\u00f2gics ho destaquen amb dades contundents: els cristians de les nostres esgl\u00e9sies occidentals estan abandonant la missa dominical. La celebraci\u00f3, tal com ha quedat\u00a0configurada al llarg dels [&hellip;]<\/p>\n","protected":false},"author":1,"featured_media":4542,"comment_status":"closed","ping_status":"closed","sticky":false,"template":"","format":"standard","meta":{"footnotes":""},"categories":[14],"tags":[],"class_list":["post-4541","post","type-post","status-publish","format-standard","has-post-thumbnail","hentry","category-levangeli-del-mes"],"_links":{"self":[{"href":"https:\/\/donesesglesia.cat\/wp_cde\/wp-json\/wp\/v2\/posts\/4541","targetHints":{"allow":["GET"]}}],"collection":[{"href":"https:\/\/donesesglesia.cat\/wp_cde\/wp-json\/wp\/v2\/posts"}],"about":[{"href":"https:\/\/donesesglesia.cat\/wp_cde\/wp-json\/wp\/v2\/types\/post"}],"author":[{"embeddable":true,"href":"https:\/\/donesesglesia.cat\/wp_cde\/wp-json\/wp\/v2\/users\/1"}],"replies":[{"embeddable":true,"href":"https:\/\/donesesglesia.cat\/wp_cde\/wp-json\/wp\/v2\/comments?post=4541"}],"version-history":[{"count":0,"href":"https:\/\/donesesglesia.cat\/wp_cde\/wp-json\/wp\/v2\/posts\/4541\/revisions"}],"wp:featuredmedia":[{"embeddable":true,"href":"https:\/\/donesesglesia.cat\/wp_cde\/wp-json\/wp\/v2\/media\/4542"}],"wp:attachment":[{"href":"https:\/\/donesesglesia.cat\/wp_cde\/wp-json\/wp\/v2\/media?parent=4541"}],"wp:term":[{"taxonomy":"category","embeddable":true,"href":"https:\/\/donesesglesia.cat\/wp_cde\/wp-json\/wp\/v2\/categories?post=4541"},{"taxonomy":"post_tag","embeddable":true,"href":"https:\/\/donesesglesia.cat\/wp_cde\/wp-json\/wp\/v2\/tags?post=4541"}],"curies":[{"name":"wp","href":"https:\/\/api.w.org\/{rel}","templated":true}]}}