{"id":4495,"date":"2016-04-28T20:12:22","date_gmt":"2016-04-28T20:12:22","guid":{"rendered":"http:\/\/donesesglesia.cat\/wp_cde\/?p=4495"},"modified":"2016-04-28T20:13:41","modified_gmt":"2016-04-28T20:13:41","slug":"reflexio-maig-2016","status":"publish","type":"post","link":"https:\/\/donesesglesia.cat\/wp_cde\/reflexio-maig-2016\/","title":{"rendered":"Reflexi\u00f3 &#8211; Maig 2016"},"content":{"rendered":"<blockquote>\n<p><a href=\"http:\/\/donesesglesia.cat\/wp_cde\/wp-content\/uploads\/2016\/04\/reflexio-maig2016_p.jpg\" rel=\"attachment wp-att-4497\"><img loading=\"lazy\" decoding=\"async\" class=\"wp-image-4497 size-full alignright\" src=\"http:\/\/donesesglesia.cat\/wp_cde\/wp-content\/uploads\/2016\/04\/reflexio-maig2016_p.jpg\" alt=\"reflexio-maig2016_p\" width=\"361\" height=\"361\" srcset=\"https:\/\/donesesglesia.cat\/wp_cde\/wp-content\/uploads\/2016\/04\/reflexio-maig2016_p.jpg 361w, https:\/\/donesesglesia.cat\/wp_cde\/wp-content\/uploads\/2016\/04\/reflexio-maig2016_p-150x150.jpg 150w, https:\/\/donesesglesia.cat\/wp_cde\/wp-content\/uploads\/2016\/04\/reflexio-maig2016_p-300x300.jpg 300w, https:\/\/donesesglesia.cat\/wp_cde\/wp-content\/uploads\/2016\/04\/reflexio-maig2016_p-37x37.jpg 37w, https:\/\/donesesglesia.cat\/wp_cde\/wp-content\/uploads\/2016\/04\/reflexio-maig2016_p-128x128.jpg 128w, https:\/\/donesesglesia.cat\/wp_cde\/wp-content\/uploads\/2016\/04\/reflexio-maig2016_p-184x184.jpg 184w\" sizes=\"auto, (max-width: 361px) 100vw, 361px\" \/><\/a><\/p>\n<p>\u201cJes\u00fas, com ens \u00e9s presentat en els evangelis, reuneix en el seu si, totes les facetes espirituals de l\u2019\u00e9sser hum\u00e0, la seva femine\u00eftat i la seva masculinitat. Per aix\u00f2 la dona t\u00e9 el seu model<br \/>en Crist, igual que l\u2019home. Maria \u00e9s la primera que ho ha viscut i ho ha realitzat amb singular<br \/>plenitud , \u00e9s la imatge fidel del seu Fill, \u00e9s la seva mare i deixeble\u201d.<\/p>\n<p>Cristina Kaufmann: <em>El rostro femenino de Dios<\/em><\/p>\n<\/blockquote>\n","protected":false},"excerpt":{"rendered":"<p>\u201cJes\u00fas, com ens \u00e9s presentat en els evangelis, reuneix en el seu si, totes les facetes espirituals de l\u2019\u00e9sser hum\u00e0, la seva femine\u00eftat i la seva masculinitat. Per aix\u00f2 la [&hellip;]<\/p>\n","protected":false},"author":1,"featured_media":4496,"comment_status":"closed","ping_status":"closed","sticky":false,"template":"","format":"standard","meta":{"footnotes":""},"categories":[14],"tags":[],"class_list":["post-4495","post","type-post","status-publish","format-standard","has-post-thumbnail","hentry","category-levangeli-del-mes"],"_links":{"self":[{"href":"https:\/\/donesesglesia.cat\/wp_cde\/wp-json\/wp\/v2\/posts\/4495","targetHints":{"allow":["GET"]}}],"collection":[{"href":"https:\/\/donesesglesia.cat\/wp_cde\/wp-json\/wp\/v2\/posts"}],"about":[{"href":"https:\/\/donesesglesia.cat\/wp_cde\/wp-json\/wp\/v2\/types\/post"}],"author":[{"embeddable":true,"href":"https:\/\/donesesglesia.cat\/wp_cde\/wp-json\/wp\/v2\/users\/1"}],"replies":[{"embeddable":true,"href":"https:\/\/donesesglesia.cat\/wp_cde\/wp-json\/wp\/v2\/comments?post=4495"}],"version-history":[{"count":0,"href":"https:\/\/donesesglesia.cat\/wp_cde\/wp-json\/wp\/v2\/posts\/4495\/revisions"}],"wp:featuredmedia":[{"embeddable":true,"href":"https:\/\/donesesglesia.cat\/wp_cde\/wp-json\/wp\/v2\/media\/4496"}],"wp:attachment":[{"href":"https:\/\/donesesglesia.cat\/wp_cde\/wp-json\/wp\/v2\/media?parent=4495"}],"wp:term":[{"taxonomy":"category","embeddable":true,"href":"https:\/\/donesesglesia.cat\/wp_cde\/wp-json\/wp\/v2\/categories?post=4495"},{"taxonomy":"post_tag","embeddable":true,"href":"https:\/\/donesesglesia.cat\/wp_cde\/wp-json\/wp\/v2\/tags?post=4495"}],"curies":[{"name":"wp","href":"https:\/\/api.w.org\/{rel}","templated":true}]}}