{"id":4474,"date":"2016-03-31T19:23:36","date_gmt":"2016-03-31T19:23:36","guid":{"rendered":"http:\/\/donesesglesia.cat\/wp_cde\/?p=4474"},"modified":"2016-03-31T19:23:36","modified_gmt":"2016-03-31T19:23:36","slug":"reflexio-abril-2016","status":"publish","type":"post","link":"https:\/\/donesesglesia.cat\/wp_cde\/reflexio-abril-2016\/","title":{"rendered":"Reflexi\u00f3 &#8211; Abril 2016"},"content":{"rendered":"<blockquote>\n<p> <a href=\"http:\/\/donesesglesia.cat\/wp_cde\/wp-content\/uploads\/2016\/03\/reflexio-abril2016_p.jpg\" rel=\"attachment wp-att-4477\"><img loading=\"lazy\" decoding=\"async\" class=\" wp-image-4477 alignright\" src=\"http:\/\/donesesglesia.cat\/wp_cde\/wp-content\/uploads\/2016\/03\/reflexio-abril2016_p.jpg\" alt=\"reflexio-abril2016_p\" width=\"354\" height=\"213\" srcset=\"https:\/\/donesesglesia.cat\/wp_cde\/wp-content\/uploads\/2016\/03\/reflexio-abril2016_p.jpg 600w, https:\/\/donesesglesia.cat\/wp_cde\/wp-content\/uploads\/2016\/03\/reflexio-abril2016_p-300x180.jpg 300w\" sizes=\"auto, (max-width: 354px) 100vw, 354px\" \/><\/a>\u201cQu\u00e8 cal fer davant la irresponsabilitat col\u00b7lectiva en aquest moment de tant sofriment? No ser indiferents al patiment i denunciar la seva exist\u00e8ncia, estant al costat de qui pateix, sabent amb quines complicitats comptem, al servei de qui posem el nostre cervell.<\/p>\n<p>Que potser s\u00f3c jo qui se n\u2019ha de fer c\u00e0rrec? No nom\u00e9s, per\u00f2 si en primer lloc i de forma proporcionada al meu saber i al meu poder. Per aix\u00f2 no cal menystenir la persuasi\u00f3, la capacitat de, amb el testimoniatge, mobilitzar i commoure i moure per superar cont\u00ednuament la irresponsabilitat. I a de ser cont\u00ednuament perqu\u00e8 l\u2019\u00e9sser hum\u00e0 \u00e9s lliure i responsable. L\u2019aposta \u00e8tica \u00e9s aix\u00ed, sense descans, per\u00f2 la ra\u00f3 sola no s\u00e9 si d\u00f3na per a tant; per aix\u00f2 ve a soc\u00f3rrer-la la fe; aix\u00f2 s\u00ed, una fe intel\u00b7ligent a l\u2019al\u00e7ada dels temps\u201d.<\/p>\n<p>Bego\u00f1a Roman Maestre <\/p>\n<\/blockquote>\n","protected":false},"excerpt":{"rendered":"<p>\u201cQu\u00e8 cal fer davant la irresponsabilitat col\u00b7lectiva en aquest moment de tant sofriment? No ser indiferents al patiment i denunciar la seva exist\u00e8ncia, estant al costat de qui pateix, sabent [&hellip;]<\/p>\n","protected":false},"author":1,"featured_media":4476,"comment_status":"closed","ping_status":"closed","sticky":false,"template":"","format":"standard","meta":{"footnotes":""},"categories":[14],"tags":[],"class_list":["post-4474","post","type-post","status-publish","format-standard","has-post-thumbnail","hentry","category-levangeli-del-mes"],"_links":{"self":[{"href":"https:\/\/donesesglesia.cat\/wp_cde\/wp-json\/wp\/v2\/posts\/4474","targetHints":{"allow":["GET"]}}],"collection":[{"href":"https:\/\/donesesglesia.cat\/wp_cde\/wp-json\/wp\/v2\/posts"}],"about":[{"href":"https:\/\/donesesglesia.cat\/wp_cde\/wp-json\/wp\/v2\/types\/post"}],"author":[{"embeddable":true,"href":"https:\/\/donesesglesia.cat\/wp_cde\/wp-json\/wp\/v2\/users\/1"}],"replies":[{"embeddable":true,"href":"https:\/\/donesesglesia.cat\/wp_cde\/wp-json\/wp\/v2\/comments?post=4474"}],"version-history":[{"count":0,"href":"https:\/\/donesesglesia.cat\/wp_cde\/wp-json\/wp\/v2\/posts\/4474\/revisions"}],"wp:featuredmedia":[{"embeddable":true,"href":"https:\/\/donesesglesia.cat\/wp_cde\/wp-json\/wp\/v2\/media\/4476"}],"wp:attachment":[{"href":"https:\/\/donesesglesia.cat\/wp_cde\/wp-json\/wp\/v2\/media?parent=4474"}],"wp:term":[{"taxonomy":"category","embeddable":true,"href":"https:\/\/donesesglesia.cat\/wp_cde\/wp-json\/wp\/v2\/categories?post=4474"},{"taxonomy":"post_tag","embeddable":true,"href":"https:\/\/donesesglesia.cat\/wp_cde\/wp-json\/wp\/v2\/tags?post=4474"}],"curies":[{"name":"wp","href":"https:\/\/api.w.org\/{rel}","templated":true}]}}