{"id":4443,"date":"2016-02-28T19:06:25","date_gmt":"2016-02-28T19:06:25","guid":{"rendered":"http:\/\/donesesglesia.cat\/wp_cde\/?p=4443"},"modified":"2016-02-28T19:06:25","modified_gmt":"2016-02-28T19:06:25","slug":"reflexio-marc-2016","status":"publish","type":"post","link":"https:\/\/donesesglesia.cat\/wp_cde\/reflexio-marc-2016\/","title":{"rendered":"Reflexi\u00f3 &#8211; Mar\u00e7 2016"},"content":{"rendered":"<blockquote>\n<p> <a href=\"http:\/\/donesesglesia.cat\/wp_cde\/wp-content\/uploads\/2016\/02\/reflexio-marc2016_p.jpg\" rel=\"attachment wp-att-4450\"><img loading=\"lazy\" decoding=\"async\" class=\"alignright wp-image-4450 size-medium\" src=\"http:\/\/donesesglesia.cat\/wp_cde\/wp-content\/uploads\/2016\/02\/reflexio-marc2016_p-300x300.jpg\" alt=\"reflexio-marc2016_p\" width=\"300\" height=\"300\" srcset=\"https:\/\/donesesglesia.cat\/wp_cde\/wp-content\/uploads\/2016\/02\/reflexio-marc2016_p-300x300.jpg 300w, https:\/\/donesesglesia.cat\/wp_cde\/wp-content\/uploads\/2016\/02\/reflexio-marc2016_p-150x150.jpg 150w, https:\/\/donesesglesia.cat\/wp_cde\/wp-content\/uploads\/2016\/02\/reflexio-marc2016_p-37x37.jpg 37w, https:\/\/donesesglesia.cat\/wp_cde\/wp-content\/uploads\/2016\/02\/reflexio-marc2016_p-128x128.jpg 128w, https:\/\/donesesglesia.cat\/wp_cde\/wp-content\/uploads\/2016\/02\/reflexio-marc2016_p-184x184.jpg 184w, https:\/\/donesesglesia.cat\/wp_cde\/wp-content\/uploads\/2016\/02\/reflexio-marc2016_p.jpg 500w\" sizes=\"auto, (max-width: 300px) 100vw, 300px\" \/><\/a>\u201cL\u2019Impuls ut\u00f2pic \u00e9s necessari per crear el canvi, no sols dins cadascuna de nosaltres, sin\u00f3 tamb\u00e9 en les ciutats que projectem, les llars que constru\u00efm i les societats que dissenyem. \u00c9s a dir, el dret a somiar el que podria ser possible, amb els ulls oberts i les ments alerta\u201d.<\/p>\n<p>Elizabeth Russell: <em>\u201cSomnis d\u2019utopies\u201d. <\/em>Dia Internacional de les Dones 2006<\/p>\n<\/blockquote>\n","protected":false},"excerpt":{"rendered":"<p>\u201cL\u2019Impuls ut\u00f2pic \u00e9s necessari per crear el canvi, no sols dins cadascuna de nosaltres, sin\u00f3 tamb\u00e9 en les ciutats que projectem, les llars que constru\u00efm i les societats que dissenyem. [&hellip;]<\/p>\n","protected":false},"author":1,"featured_media":4449,"comment_status":"closed","ping_status":"closed","sticky":false,"template":"","format":"standard","meta":{"footnotes":""},"categories":[14],"tags":[],"class_list":["post-4443","post","type-post","status-publish","format-standard","has-post-thumbnail","hentry","category-levangeli-del-mes"],"_links":{"self":[{"href":"https:\/\/donesesglesia.cat\/wp_cde\/wp-json\/wp\/v2\/posts\/4443","targetHints":{"allow":["GET"]}}],"collection":[{"href":"https:\/\/donesesglesia.cat\/wp_cde\/wp-json\/wp\/v2\/posts"}],"about":[{"href":"https:\/\/donesesglesia.cat\/wp_cde\/wp-json\/wp\/v2\/types\/post"}],"author":[{"embeddable":true,"href":"https:\/\/donesesglesia.cat\/wp_cde\/wp-json\/wp\/v2\/users\/1"}],"replies":[{"embeddable":true,"href":"https:\/\/donesesglesia.cat\/wp_cde\/wp-json\/wp\/v2\/comments?post=4443"}],"version-history":[{"count":0,"href":"https:\/\/donesesglesia.cat\/wp_cde\/wp-json\/wp\/v2\/posts\/4443\/revisions"}],"wp:featuredmedia":[{"embeddable":true,"href":"https:\/\/donesesglesia.cat\/wp_cde\/wp-json\/wp\/v2\/media\/4449"}],"wp:attachment":[{"href":"https:\/\/donesesglesia.cat\/wp_cde\/wp-json\/wp\/v2\/media?parent=4443"}],"wp:term":[{"taxonomy":"category","embeddable":true,"href":"https:\/\/donesesglesia.cat\/wp_cde\/wp-json\/wp\/v2\/categories?post=4443"},{"taxonomy":"post_tag","embeddable":true,"href":"https:\/\/donesesglesia.cat\/wp_cde\/wp-json\/wp\/v2\/tags?post=4443"}],"curies":[{"name":"wp","href":"https:\/\/api.w.org\/{rel}","templated":true}]}}