{"id":4401,"date":"2016-01-29T18:53:40","date_gmt":"2016-01-29T18:53:40","guid":{"rendered":"http:\/\/donesesglesia.cat\/wp_cde\/?p=4401"},"modified":"2016-01-29T18:53:40","modified_gmt":"2016-01-29T18:53:40","slug":"reflexio-febrer-2016","status":"publish","type":"post","link":"https:\/\/donesesglesia.cat\/wp_cde\/reflexio-febrer-2016\/","title":{"rendered":"Reflexi\u00f3 &#8211; Febrer 2016"},"content":{"rendered":"<blockquote><p><img loading=\"lazy\" decoding=\"async\" class=\"alignright size-medium wp-image-4403\" src=\"http:\/\/donesesglesia.cat\/wp_cde\/wp-content\/uploads\/2016\/01\/reflexio-febrer2016_p-209x300.jpg\" alt=\"reflexio-febrer2016_p\" width=\"209\" height=\"300\" srcset=\"https:\/\/donesesglesia.cat\/wp_cde\/wp-content\/uploads\/2016\/01\/reflexio-febrer2016_p-209x300.jpg 209w, https:\/\/donesesglesia.cat\/wp_cde\/wp-content\/uploads\/2016\/01\/reflexio-febrer2016_p.jpg 380w\" sizes=\"auto, (max-width: 209px) 100vw, 209px\" \/>\u201cQuan s\u2019arriba en la vida a la riba del Mar Roig<br \/> Quan, malgrat tots els esfor\u00e7os no es possible de retrocedir, ni de vorejar l\u2019obstacle<br \/> No queda m\u00e9s que travessar-lo.<br \/> Cal, llavors, con\u00e8ixer D\u00e9u amb calma serena per a fer desapar\u00e8ixer les tenebres de la\u00a0tempesta. D\u00e9u calma els vents, calma les onades<br \/> Endavant, endavant, endavant\u201d.<\/p>\n<p>Dels textos del Dia Mundial de Preg\u00e0ria 2016<br \/> Celebraci\u00f3 el dia 4 de mar\u00e7 a les 7 de la tarda.<br \/> Esgl\u00e9sia Evang\u00e8lica de Betlem (Carrer Naci\u00f3 24, Barcelona)<\/p>\n<\/blockquote>\n","protected":false},"excerpt":{"rendered":"<p>\u201cQuan s\u2019arriba en la vida a la riba del Mar Roig Quan, malgrat tots els esfor\u00e7os no es possible de retrocedir, ni de vorejar l\u2019obstacle No queda m\u00e9s que travessar-lo. [&hellip;]<\/p>\n","protected":false},"author":1,"featured_media":4402,"comment_status":"closed","ping_status":"closed","sticky":false,"template":"","format":"standard","meta":{"footnotes":""},"categories":[14],"tags":[],"class_list":["post-4401","post","type-post","status-publish","format-standard","has-post-thumbnail","hentry","category-levangeli-del-mes"],"_links":{"self":[{"href":"https:\/\/donesesglesia.cat\/wp_cde\/wp-json\/wp\/v2\/posts\/4401","targetHints":{"allow":["GET"]}}],"collection":[{"href":"https:\/\/donesesglesia.cat\/wp_cde\/wp-json\/wp\/v2\/posts"}],"about":[{"href":"https:\/\/donesesglesia.cat\/wp_cde\/wp-json\/wp\/v2\/types\/post"}],"author":[{"embeddable":true,"href":"https:\/\/donesesglesia.cat\/wp_cde\/wp-json\/wp\/v2\/users\/1"}],"replies":[{"embeddable":true,"href":"https:\/\/donesesglesia.cat\/wp_cde\/wp-json\/wp\/v2\/comments?post=4401"}],"version-history":[{"count":0,"href":"https:\/\/donesesglesia.cat\/wp_cde\/wp-json\/wp\/v2\/posts\/4401\/revisions"}],"wp:featuredmedia":[{"embeddable":true,"href":"https:\/\/donesesglesia.cat\/wp_cde\/wp-json\/wp\/v2\/media\/4402"}],"wp:attachment":[{"href":"https:\/\/donesesglesia.cat\/wp_cde\/wp-json\/wp\/v2\/media?parent=4401"}],"wp:term":[{"taxonomy":"category","embeddable":true,"href":"https:\/\/donesesglesia.cat\/wp_cde\/wp-json\/wp\/v2\/categories?post=4401"},{"taxonomy":"post_tag","embeddable":true,"href":"https:\/\/donesesglesia.cat\/wp_cde\/wp-json\/wp\/v2\/tags?post=4401"}],"curies":[{"name":"wp","href":"https:\/\/api.w.org\/{rel}","templated":true}]}}