{"id":4353,"date":"2015-12-30T20:33:25","date_gmt":"2015-12-30T20:33:25","guid":{"rendered":"http:\/\/donesesglesia.cat\/wp_cde\/?p=4353"},"modified":"2015-12-30T20:33:25","modified_gmt":"2015-12-30T20:33:25","slug":"reflexio-gener-2016","status":"publish","type":"post","link":"https:\/\/donesesglesia.cat\/wp_cde\/reflexio-gener-2016\/","title":{"rendered":"Reflexi\u00f3 &#8211; Gener 2016"},"content":{"rendered":"<blockquote>\n<p> <a href=\"http:\/\/donesesglesia.cat\/wp_cde\/wp-content\/uploads\/2015\/12\/evangeli-gener2016.jpg\"><img loading=\"lazy\" decoding=\"async\" class=\"alignright size-medium wp-image-4354\" src=\"http:\/\/donesesglesia.cat\/wp_cde\/wp-content\/uploads\/2015\/12\/evangeli-gener2016-300x203.jpg\" alt=\"evangeli-gener2016\" width=\"300\" height=\"203\" srcset=\"https:\/\/donesesglesia.cat\/wp_cde\/wp-content\/uploads\/2015\/12\/evangeli-gener2016-300x203.jpg 300w, https:\/\/donesesglesia.cat\/wp_cde\/wp-content\/uploads\/2015\/12\/evangeli-gener2016-140x94.jpg 140w, https:\/\/donesesglesia.cat\/wp_cde\/wp-content\/uploads\/2015\/12\/evangeli-gener2016.jpg 630w\" sizes=\"auto, (max-width: 300px) 100vw, 300px\" \/><\/a>\u201cLa bondat no consisteix en observar unes normes, sin\u00f3 en obrar correctament i per bones raons. Sovint fem les coses perqu\u00e8 tenim la sensaci\u00f3 de que no podem obrar d\u2019altra forma i seguir sent tant socialment acceptables com ens agradaria ser. Per aix\u00f2 fem obres de caritat, firmem manifestos, ens integrem en organitzacions, ens oferim com a volunt\u00e0ries per a col\u00b7laborar en obres socials. Evidentment que cadascuna d\u2019aquestes accions per separat \u00e9s bona. Que sigui o no \u201cvirtuosa\u201d s\u00f3n figues d\u2019un altre paner\u201d.<\/p>\n<p>Joan Chittister, <em>El Evangelio d\u00eda a d\u00eda<\/em>. Salterrae 2001 (trad. lliure)<\/p>\n<\/blockquote>\n","protected":false},"excerpt":{"rendered":"<p>\u201cLa bondat no consisteix en observar unes normes, sin\u00f3 en obrar correctament i per bones raons. Sovint fem les coses perqu\u00e8 tenim la sensaci\u00f3 de que no podem obrar d\u2019altra [&hellip;]<\/p>\n","protected":false},"author":1,"featured_media":4354,"comment_status":"closed","ping_status":"closed","sticky":false,"template":"","format":"standard","meta":{"footnotes":""},"categories":[14],"tags":[],"class_list":["post-4353","post","type-post","status-publish","format-standard","has-post-thumbnail","hentry","category-levangeli-del-mes"],"_links":{"self":[{"href":"https:\/\/donesesglesia.cat\/wp_cde\/wp-json\/wp\/v2\/posts\/4353","targetHints":{"allow":["GET"]}}],"collection":[{"href":"https:\/\/donesesglesia.cat\/wp_cde\/wp-json\/wp\/v2\/posts"}],"about":[{"href":"https:\/\/donesesglesia.cat\/wp_cde\/wp-json\/wp\/v2\/types\/post"}],"author":[{"embeddable":true,"href":"https:\/\/donesesglesia.cat\/wp_cde\/wp-json\/wp\/v2\/users\/1"}],"replies":[{"embeddable":true,"href":"https:\/\/donesesglesia.cat\/wp_cde\/wp-json\/wp\/v2\/comments?post=4353"}],"version-history":[{"count":0,"href":"https:\/\/donesesglesia.cat\/wp_cde\/wp-json\/wp\/v2\/posts\/4353\/revisions"}],"wp:featuredmedia":[{"embeddable":true,"href":"https:\/\/donesesglesia.cat\/wp_cde\/wp-json\/wp\/v2\/media\/4354"}],"wp:attachment":[{"href":"https:\/\/donesesglesia.cat\/wp_cde\/wp-json\/wp\/v2\/media?parent=4353"}],"wp:term":[{"taxonomy":"category","embeddable":true,"href":"https:\/\/donesesglesia.cat\/wp_cde\/wp-json\/wp\/v2\/categories?post=4353"},{"taxonomy":"post_tag","embeddable":true,"href":"https:\/\/donesesglesia.cat\/wp_cde\/wp-json\/wp\/v2\/tags?post=4353"}],"curies":[{"name":"wp","href":"https:\/\/api.w.org\/{rel}","templated":true}]}}