{"id":4218,"date":"2015-11-01T19:43:47","date_gmt":"2015-11-01T19:43:47","guid":{"rendered":"http:\/\/donesesglesia.cat\/wp_cde\/?p=4218"},"modified":"2015-11-01T19:44:21","modified_gmt":"2015-11-01T19:44:21","slug":"reflexio-novembre-2015","status":"publish","type":"post","link":"https:\/\/donesesglesia.cat\/wp_cde\/reflexio-novembre-2015\/","title":{"rendered":"Reflexi\u00f3 &#8211; Novembre 2015"},"content":{"rendered":"<blockquote>\n<p> <a href=\"http:\/\/donesesglesia.cat\/wp_cde\/wp-content\/uploads\/2015\/11\/reflexio-novembre2015.jpg\"><img loading=\"lazy\" decoding=\"async\" class=\"alignright size-medium wp-image-4219\" src=\"http:\/\/donesesglesia.cat\/wp_cde\/wp-content\/uploads\/2015\/11\/reflexio-novembre2015-300x200.jpg\" alt=\"reflexio-novembre2015\" width=\"300\" height=\"200\" srcset=\"https:\/\/donesesglesia.cat\/wp_cde\/wp-content\/uploads\/2015\/11\/reflexio-novembre2015-300x200.jpg 300w, https:\/\/donesesglesia.cat\/wp_cde\/wp-content\/uploads\/2015\/11\/reflexio-novembre2015-140x94.jpg 140w, https:\/\/donesesglesia.cat\/wp_cde\/wp-content\/uploads\/2015\/11\/reflexio-novembre2015.jpg 630w\" sizes=\"auto, (max-width: 300px) 100vw, 300px\" \/><\/a>\u201cEn totes les regions del m\u00f3n, les dones estan creuant les ratlles invisibles de la discriminaci\u00f3, l&#8217;exclusi\u00f3 i la viol\u00e8ncia imposada pel patriarcat i la colonitzaci\u00f3. Al fer-ho, moltes es converteixen en defensores, activistes, i permet el seu proc\u00e9s d\u2019empoderament, el desenvolupament i la pau de les seves fam\u00edlies i comunitats.<\/p>\n<p>Una dona creuant la ratlla \u00e9s valenta, per\u00f2 moltes dones creuant-la juntes s\u00f3n un moviment\u201d.<\/p>\n<p style=\"text-align: right;\"><a href=\"https:\/\/www.justassociates.org\/es\/\" target=\"_blank\">JASS , Asociadas por lo justo<\/a><\/p>\n<\/blockquote>\n","protected":false},"excerpt":{"rendered":"<p>\u201cEn totes les regions del m\u00f3n, les dones estan creuant les ratlles invisibles de la discriminaci\u00f3, l&#8217;exclusi\u00f3 i la viol\u00e8ncia imposada pel patriarcat i la colonitzaci\u00f3. Al fer-ho, moltes es [&hellip;]<\/p>\n","protected":false},"author":1,"featured_media":4219,"comment_status":"closed","ping_status":"closed","sticky":false,"template":"","format":"standard","meta":{"footnotes":""},"categories":[14],"tags":[],"class_list":["post-4218","post","type-post","status-publish","format-standard","has-post-thumbnail","hentry","category-levangeli-del-mes"],"_links":{"self":[{"href":"https:\/\/donesesglesia.cat\/wp_cde\/wp-json\/wp\/v2\/posts\/4218","targetHints":{"allow":["GET"]}}],"collection":[{"href":"https:\/\/donesesglesia.cat\/wp_cde\/wp-json\/wp\/v2\/posts"}],"about":[{"href":"https:\/\/donesesglesia.cat\/wp_cde\/wp-json\/wp\/v2\/types\/post"}],"author":[{"embeddable":true,"href":"https:\/\/donesesglesia.cat\/wp_cde\/wp-json\/wp\/v2\/users\/1"}],"replies":[{"embeddable":true,"href":"https:\/\/donesesglesia.cat\/wp_cde\/wp-json\/wp\/v2\/comments?post=4218"}],"version-history":[{"count":0,"href":"https:\/\/donesesglesia.cat\/wp_cde\/wp-json\/wp\/v2\/posts\/4218\/revisions"}],"wp:featuredmedia":[{"embeddable":true,"href":"https:\/\/donesesglesia.cat\/wp_cde\/wp-json\/wp\/v2\/media\/4219"}],"wp:attachment":[{"href":"https:\/\/donesesglesia.cat\/wp_cde\/wp-json\/wp\/v2\/media?parent=4218"}],"wp:term":[{"taxonomy":"category","embeddable":true,"href":"https:\/\/donesesglesia.cat\/wp_cde\/wp-json\/wp\/v2\/categories?post=4218"},{"taxonomy":"post_tag","embeddable":true,"href":"https:\/\/donesesglesia.cat\/wp_cde\/wp-json\/wp\/v2\/tags?post=4218"}],"curies":[{"name":"wp","href":"https:\/\/api.w.org\/{rel}","templated":true}]}}