{"id":4152,"date":"2015-10-04T18:09:00","date_gmt":"2015-10-04T18:09:00","guid":{"rendered":"http:\/\/donesesglesia.cat\/wp_cde\/?p=4152"},"modified":"2015-10-04T18:09:00","modified_gmt":"2015-10-04T18:09:00","slug":"reflexio-octubre-2015","status":"publish","type":"post","link":"https:\/\/donesesglesia.cat\/wp_cde\/reflexio-octubre-2015\/","title":{"rendered":"Reflexi\u00f3 &#8211; Octubre 2015"},"content":{"rendered":"<blockquote>\n<p><a href=\"http:\/\/donesesglesia.cat\/wp_cde\/wp-content\/uploads\/2015\/10\/reflexio-octubre2015.jpg\"><img loading=\"lazy\" decoding=\"async\" class=\"alignright size-medium wp-image-4153\" src=\"http:\/\/donesesglesia.cat\/wp_cde\/wp-content\/uploads\/2015\/10\/reflexio-octubre2015-246x300.jpg\" alt=\"reflexio-octubre2015\" width=\"246\" height=\"300\" srcset=\"https:\/\/donesesglesia.cat\/wp_cde\/wp-content\/uploads\/2015\/10\/reflexio-octubre2015-246x300.jpg 246w, https:\/\/donesesglesia.cat\/wp_cde\/wp-content\/uploads\/2015\/10\/reflexio-octubre2015-140x170.jpg 140w, https:\/\/donesesglesia.cat\/wp_cde\/wp-content\/uploads\/2015\/10\/reflexio-octubre2015.jpg 708w\" sizes=\"auto, (max-width: 246px) 100vw, 246px\" \/><\/a>\u201c\u00c9s\u00a0hora de despertar i de canviar les regles&#8230; \u00c9s urgent que trenquem l\u2019encanteri d\u2019aquesta hegemonia, conculcar-la amb pr\u00e0ctiques ciutadanes alternatives , i\u00a0ser coherents amb una participaci\u00f3 pol\u00edtica democr\u00e0tica responsable, per caminar\u00a0vers la societat igualit\u00e0ria i justa que tant la Humanitat com el planeta ens mereixem, Utopia per la qual val la pena lluitar i somiar\u201d.\u00a0<\/p>\n<p style=\"text-align: right;\">Pere Casald\u00e0liga- Jos\u00e9\u00a0Maria Vigil<br \/>Agenda Latinoamericana 2015<\/p>\n<\/blockquote>\n","protected":false},"excerpt":{"rendered":"<p>\u201c\u00c9s\u00a0hora de despertar i de canviar les regles&#8230; \u00c9s urgent que trenquem l\u2019encanteri d\u2019aquesta hegemonia, conculcar-la amb pr\u00e0ctiques ciutadanes alternatives , i\u00a0ser coherents amb una participaci\u00f3 pol\u00edtica democr\u00e0tica responsable, per [&hellip;]<\/p>\n","protected":false},"author":1,"featured_media":4154,"comment_status":"closed","ping_status":"closed","sticky":false,"template":"","format":"standard","meta":{"footnotes":""},"categories":[14],"tags":[],"class_list":["post-4152","post","type-post","status-publish","format-standard","has-post-thumbnail","hentry","category-levangeli-del-mes"],"_links":{"self":[{"href":"https:\/\/donesesglesia.cat\/wp_cde\/wp-json\/wp\/v2\/posts\/4152","targetHints":{"allow":["GET"]}}],"collection":[{"href":"https:\/\/donesesglesia.cat\/wp_cde\/wp-json\/wp\/v2\/posts"}],"about":[{"href":"https:\/\/donesesglesia.cat\/wp_cde\/wp-json\/wp\/v2\/types\/post"}],"author":[{"embeddable":true,"href":"https:\/\/donesesglesia.cat\/wp_cde\/wp-json\/wp\/v2\/users\/1"}],"replies":[{"embeddable":true,"href":"https:\/\/donesesglesia.cat\/wp_cde\/wp-json\/wp\/v2\/comments?post=4152"}],"version-history":[{"count":0,"href":"https:\/\/donesesglesia.cat\/wp_cde\/wp-json\/wp\/v2\/posts\/4152\/revisions"}],"wp:featuredmedia":[{"embeddable":true,"href":"https:\/\/donesesglesia.cat\/wp_cde\/wp-json\/wp\/v2\/media\/4154"}],"wp:attachment":[{"href":"https:\/\/donesesglesia.cat\/wp_cde\/wp-json\/wp\/v2\/media?parent=4152"}],"wp:term":[{"taxonomy":"category","embeddable":true,"href":"https:\/\/donesesglesia.cat\/wp_cde\/wp-json\/wp\/v2\/categories?post=4152"},{"taxonomy":"post_tag","embeddable":true,"href":"https:\/\/donesesglesia.cat\/wp_cde\/wp-json\/wp\/v2\/tags?post=4152"}],"curies":[{"name":"wp","href":"https:\/\/api.w.org\/{rel}","templated":true}]}}