{"id":4122,"date":"2015-09-15T20:45:35","date_gmt":"2015-09-15T20:45:35","guid":{"rendered":"http:\/\/donesesglesia.cat\/wp_cde\/?p=4122"},"modified":"2015-09-15T20:54:56","modified_gmt":"2015-09-15T20:54:56","slug":"reflexio-setembre-2015","status":"publish","type":"post","link":"https:\/\/donesesglesia.cat\/wp_cde\/reflexio-setembre-2015\/","title":{"rendered":"Reflexi\u00f3 &#8211; Setembre 2015"},"content":{"rendered":"<blockquote>\n<p><a href=\"http:\/\/donesesglesia.cat\/wp_cde\/wp-content\/uploads\/2015\/09\/naomi-tutu_p.jpg\"><img loading=\"lazy\" decoding=\"async\" class=\"alignright size-medium wp-image-4129\" src=\"http:\/\/donesesglesia.cat\/wp_cde\/wp-content\/uploads\/2015\/09\/naomi-tutu_p-226x300.jpg\" alt=\"naomi-tutu_p\" width=\"226\" height=\"300\" srcset=\"https:\/\/donesesglesia.cat\/wp_cde\/wp-content\/uploads\/2015\/09\/naomi-tutu_p-226x300.jpg 226w, https:\/\/donesesglesia.cat\/wp_cde\/wp-content\/uploads\/2015\/09\/naomi-tutu_p.jpg 446w\" sizes=\"auto, (max-width: 226px) 100vw, 226px\" \/><\/a>La meva estimad\u00edssima \u00e0via, la dona de qui he apr\u00e8s m\u00e9s, em va donar una grand\u00edssima lli\u00e7\u00f3. Em va dir: El teu valor com a \u00e9sser hum\u00e0 no dep\u00e8n de com et tractin a tu, sin\u00f3 de com tu tractis els altres.<\/p>\n<p>Segons un proverbi afric\u00e0, \u201cuna persona \u00e9s una persona a trav\u00e9s dels altres\u201d.<\/p>\n<p style=\"text-align: right;\">Notombi Naomi Tutu, <br \/>filla de l\u2019arquebisbe, premi Nobel de la Pau, Desmond Tutu.<br \/>La Vanguardia, 3 de juny 2015<\/p>\n<\/blockquote>\n","protected":false},"excerpt":{"rendered":"<p>La meva estimad\u00edssima \u00e0via, la dona de qui he apr\u00e8s m\u00e9s, em va donar una grand\u00edssima lli\u00e7\u00f3. Em va dir: El teu valor com a \u00e9sser hum\u00e0 no dep\u00e8n de [&hellip;]<\/p>\n","protected":false},"author":1,"featured_media":4128,"comment_status":"closed","ping_status":"closed","sticky":false,"template":"","format":"standard","meta":{"footnotes":""},"categories":[14],"tags":[],"class_list":["post-4122","post","type-post","status-publish","format-standard","has-post-thumbnail","hentry","category-levangeli-del-mes"],"_links":{"self":[{"href":"https:\/\/donesesglesia.cat\/wp_cde\/wp-json\/wp\/v2\/posts\/4122","targetHints":{"allow":["GET"]}}],"collection":[{"href":"https:\/\/donesesglesia.cat\/wp_cde\/wp-json\/wp\/v2\/posts"}],"about":[{"href":"https:\/\/donesesglesia.cat\/wp_cde\/wp-json\/wp\/v2\/types\/post"}],"author":[{"embeddable":true,"href":"https:\/\/donesesglesia.cat\/wp_cde\/wp-json\/wp\/v2\/users\/1"}],"replies":[{"embeddable":true,"href":"https:\/\/donesesglesia.cat\/wp_cde\/wp-json\/wp\/v2\/comments?post=4122"}],"version-history":[{"count":0,"href":"https:\/\/donesesglesia.cat\/wp_cde\/wp-json\/wp\/v2\/posts\/4122\/revisions"}],"wp:featuredmedia":[{"embeddable":true,"href":"https:\/\/donesesglesia.cat\/wp_cde\/wp-json\/wp\/v2\/media\/4128"}],"wp:attachment":[{"href":"https:\/\/donesesglesia.cat\/wp_cde\/wp-json\/wp\/v2\/media?parent=4122"}],"wp:term":[{"taxonomy":"category","embeddable":true,"href":"https:\/\/donesesglesia.cat\/wp_cde\/wp-json\/wp\/v2\/categories?post=4122"},{"taxonomy":"post_tag","embeddable":true,"href":"https:\/\/donesesglesia.cat\/wp_cde\/wp-json\/wp\/v2\/tags?post=4122"}],"curies":[{"name":"wp","href":"https:\/\/api.w.org\/{rel}","templated":true}]}}