{"id":4033,"date":"2015-05-02T16:53:08","date_gmt":"2015-05-02T16:53:08","guid":{"rendered":"http:\/\/donesesglesia.cat\/wp_cde\/?p=4033"},"modified":"2015-05-02T16:53:08","modified_gmt":"2015-05-02T16:53:08","slug":"reflexio-maig-2015","status":"publish","type":"post","link":"https:\/\/donesesglesia.cat\/wp_cde\/reflexio-maig-2015\/","title":{"rendered":"Reflexi\u00f3 &#8211; Maig 2015"},"content":{"rendered":"<blockquote>\n<p>Moltes persones i llars estan sobrevivint especialment per les funcions de cura que han repr\u00e8s les dones, mares i \u00e0vies. Mentre que l&#8217;any 2006 les dones representaven el principal suport en un 32% de les llars, respecte al 67% dels homes, avui gaireb\u00e9 s&#8217;han igualat. El rol hist\u00f2ric de les dones s&#8217;havia suavitzat gr\u00e0cies, especialmente, a la llei de depend\u00e8ncia, per a les quals la \u201ccrisi\u201d ha suposat un cop mortal.<br \/>Podem afirmar que la majoria de la pobresa mundial t\u00e9 nom de dona.<\/p>\n<p style=\"text-align: left;\"><a href=\"http:\/\/donesesglesia.cat\/wp_cde\/wp-content\/uploads\/2015\/05\/reflexio-maig2015.jpg\"><img loading=\"lazy\" decoding=\"async\" class=\"aligncenter size-full wp-image-4035\" src=\"http:\/\/donesesglesia.cat\/wp_cde\/wp-content\/uploads\/2015\/05\/reflexio-maig2015.jpg\" alt=\"reflexio-maig2015\" width=\"630\" height=\"299\" srcset=\"https:\/\/donesesglesia.cat\/wp_cde\/wp-content\/uploads\/2015\/05\/reflexio-maig2015.jpg 630w, https:\/\/donesesglesia.cat\/wp_cde\/wp-content\/uploads\/2015\/05\/reflexio-maig2015-300x142.jpg 300w\" sizes=\"auto, (max-width: 630px) 100vw, 630px\" \/><\/a><\/p>\n<\/blockquote>\n","protected":false},"excerpt":{"rendered":"<p>Moltes persones i llars estan sobrevivint especialment per les funcions de cura que han repr\u00e8s les dones, mares i \u00e0vies. Mentre que l&#8217;any 2006 les dones representaven el principal suport [&hellip;]<\/p>\n","protected":false},"author":1,"featured_media":4035,"comment_status":"closed","ping_status":"closed","sticky":false,"template":"","format":"standard","meta":{"footnotes":""},"categories":[14],"tags":[],"class_list":["post-4033","post","type-post","status-publish","format-standard","has-post-thumbnail","hentry","category-levangeli-del-mes"],"_links":{"self":[{"href":"https:\/\/donesesglesia.cat\/wp_cde\/wp-json\/wp\/v2\/posts\/4033","targetHints":{"allow":["GET"]}}],"collection":[{"href":"https:\/\/donesesglesia.cat\/wp_cde\/wp-json\/wp\/v2\/posts"}],"about":[{"href":"https:\/\/donesesglesia.cat\/wp_cde\/wp-json\/wp\/v2\/types\/post"}],"author":[{"embeddable":true,"href":"https:\/\/donesesglesia.cat\/wp_cde\/wp-json\/wp\/v2\/users\/1"}],"replies":[{"embeddable":true,"href":"https:\/\/donesesglesia.cat\/wp_cde\/wp-json\/wp\/v2\/comments?post=4033"}],"version-history":[{"count":0,"href":"https:\/\/donesesglesia.cat\/wp_cde\/wp-json\/wp\/v2\/posts\/4033\/revisions"}],"wp:featuredmedia":[{"embeddable":true,"href":"https:\/\/donesesglesia.cat\/wp_cde\/wp-json\/wp\/v2\/media\/4035"}],"wp:attachment":[{"href":"https:\/\/donesesglesia.cat\/wp_cde\/wp-json\/wp\/v2\/media?parent=4033"}],"wp:term":[{"taxonomy":"category","embeddable":true,"href":"https:\/\/donesesglesia.cat\/wp_cde\/wp-json\/wp\/v2\/categories?post=4033"},{"taxonomy":"post_tag","embeddable":true,"href":"https:\/\/donesesglesia.cat\/wp_cde\/wp-json\/wp\/v2\/tags?post=4033"}],"curies":[{"name":"wp","href":"https:\/\/api.w.org\/{rel}","templated":true}]}}