{"id":4006,"date":"2015-04-01T18:58:18","date_gmt":"2015-04-01T18:58:18","guid":{"rendered":"http:\/\/donesesglesia.cat\/wp_cde\/?p=4006"},"modified":"2015-04-01T19:03:21","modified_gmt":"2015-04-01T19:03:21","slug":"reflexio-abril-2015","status":"publish","type":"post","link":"https:\/\/donesesglesia.cat\/wp_cde\/reflexio-abril-2015\/","title":{"rendered":"Reflexi\u00f3 &#8211; Abril 2015"},"content":{"rendered":"<blockquote>\n<p style=\"text-align: justify;\"><em>\u201cPARAULES DE VICT\u00d2RIA MOLINS<\/em><\/p>\n<p>La pobresa fa ll\u00e0stima, per\u00f2 la marginaci\u00f3 acostuma a fer nosa.<\/p>\n<p>No em considero una volunt\u00e0ria, em considero una persona consagrada als altres.<\/p>\n<p>\u00c9s molt dif\u00edcil veure D\u00e9u en els altres, i vaig pensar si estimant els altres podrien veure D\u00e9u en mi.<\/p>\n<p>Nom\u00e9s hi havia un cam\u00ed: estimar amb l\u2019amor amb qu\u00e8 D\u00e9u estima.<\/p>\n<p>\u00c9s la persona la que s\u2019ha de salvar, nosaltres no podem. I per aix\u00f2 no podem parlar de frac\u00e0s: estimar mai no \u00e9s un frac\u00e0s.&#8221;<\/p>\n<p>(<a href=\"https:\/\/www.catalunyareligio.cat\/ca\/articles\/estimar-mai-no-es-un-fracas-llico-viqui-molins-en\" target=\"_blank\">Catalunya Religi\u00f3<\/a>)<\/p>\n<p style=\"text-align: left;\"><a href=\"http:\/\/donesesglesia.cat\/wp_cde\/wp-content\/uploads\/2015\/04\/evangeli-abril2015.jpg\"><img loading=\"lazy\" decoding=\"async\" class=\"aligncenter wp-image-4008 size-full\" src=\"http:\/\/donesesglesia.cat\/wp_cde\/wp-content\/uploads\/2015\/04\/evangeli-abril2015.jpg\" alt=\"evangeli-abril2015\" width=\"620\" height=\"456\" srcset=\"https:\/\/donesesglesia.cat\/wp_cde\/wp-content\/uploads\/2015\/04\/evangeli-abril2015.jpg 620w, https:\/\/donesesglesia.cat\/wp_cde\/wp-content\/uploads\/2015\/04\/evangeli-abril2015-300x220.jpg 300w\" sizes=\"auto, (max-width: 620px) 100vw, 620px\" \/><\/a><\/p>\n<\/blockquote>\n","protected":false},"excerpt":{"rendered":"<p>\u201cPARAULES DE VICT\u00d2RIA MOLINS La pobresa fa ll\u00e0stima, per\u00f2 la marginaci\u00f3 acostuma a fer nosa. No em considero una volunt\u00e0ria, em considero una persona consagrada als altres. \u00c9s molt dif\u00edcil [&hellip;]<\/p>\n","protected":false},"author":1,"featured_media":4013,"comment_status":"closed","ping_status":"closed","sticky":false,"template":"","format":"standard","meta":{"footnotes":""},"categories":[14],"tags":[],"class_list":["post-4006","post","type-post","status-publish","format-standard","has-post-thumbnail","hentry","category-levangeli-del-mes"],"_links":{"self":[{"href":"https:\/\/donesesglesia.cat\/wp_cde\/wp-json\/wp\/v2\/posts\/4006","targetHints":{"allow":["GET"]}}],"collection":[{"href":"https:\/\/donesesglesia.cat\/wp_cde\/wp-json\/wp\/v2\/posts"}],"about":[{"href":"https:\/\/donesesglesia.cat\/wp_cde\/wp-json\/wp\/v2\/types\/post"}],"author":[{"embeddable":true,"href":"https:\/\/donesesglesia.cat\/wp_cde\/wp-json\/wp\/v2\/users\/1"}],"replies":[{"embeddable":true,"href":"https:\/\/donesesglesia.cat\/wp_cde\/wp-json\/wp\/v2\/comments?post=4006"}],"version-history":[{"count":0,"href":"https:\/\/donesesglesia.cat\/wp_cde\/wp-json\/wp\/v2\/posts\/4006\/revisions"}],"wp:featuredmedia":[{"embeddable":true,"href":"https:\/\/donesesglesia.cat\/wp_cde\/wp-json\/wp\/v2\/media\/4013"}],"wp:attachment":[{"href":"https:\/\/donesesglesia.cat\/wp_cde\/wp-json\/wp\/v2\/media?parent=4006"}],"wp:term":[{"taxonomy":"category","embeddable":true,"href":"https:\/\/donesesglesia.cat\/wp_cde\/wp-json\/wp\/v2\/categories?post=4006"},{"taxonomy":"post_tag","embeddable":true,"href":"https:\/\/donesesglesia.cat\/wp_cde\/wp-json\/wp\/v2\/tags?post=4006"}],"curies":[{"name":"wp","href":"https:\/\/api.w.org\/{rel}","templated":true}]}}