{"id":3945,"date":"2015-02-28T18:22:31","date_gmt":"2015-02-28T18:22:31","guid":{"rendered":"http:\/\/donesesglesia.cat\/wp_cde\/?p=3945"},"modified":"2015-02-28T18:58:48","modified_gmt":"2015-02-28T18:58:48","slug":"reflexio-marc-2015","status":"publish","type":"post","link":"https:\/\/donesesglesia.cat\/wp_cde\/reflexio-marc-2015\/","title":{"rendered":"Reflexi\u00f3 &#8211; Mar\u00e7 2015"},"content":{"rendered":"<blockquote>\n<p style=\"text-align: justify;\"><em>\u201cLes associacions de dones s\u00f3n espais d\u2019autoritat femenina, de reconeixement a la llibertat femenina i de projecci\u00f3 del seu apoderament. Han aconseguit obrir portes que restaven tancades, fer lloc a les dones all\u00e0 on no en ten\u00edem, i han perm\u00e8s fer entrar la perspectiva de g\u00e8nere en el corrent principal de la pol\u00edtica, donant cabuda a la diversitat i a l\u2019experi\u00e8ncia de les dones.\u201d<\/em><\/p>\n<p style=\"text-align: left;\"><a href=\"http:\/\/donesesglesia.cat\/wp_cde\/wp-content\/uploads\/2015\/02\/reflexio-marc2015_p.jpg\"><img loading=\"lazy\" decoding=\"async\" class=\"aligncenter size-full wp-image-3947\" src=\"http:\/\/donesesglesia.cat\/wp_cde\/wp-content\/uploads\/2015\/02\/reflexio-marc2015_p.jpg\" alt=\"reflexio-marc2015_p\" width=\"525\" height=\"267\" srcset=\"https:\/\/donesesglesia.cat\/wp_cde\/wp-content\/uploads\/2015\/02\/reflexio-marc2015_p.jpg 525w, https:\/\/donesesglesia.cat\/wp_cde\/wp-content\/uploads\/2015\/02\/reflexio-marc2015_p-300x152.jpg 300w\" sizes=\"auto, (max-width: 525px) 100vw, 525px\" \/><\/a><\/p>\n<div style=\"text-align: right;\"><strong>Neus Munt\u00e9<\/strong><\/div>\n<\/blockquote>\n","protected":false},"excerpt":{"rendered":"<p>\u201cLes associacions de dones s\u00f3n espais d\u2019autoritat femenina, de reconeixement a la llibertat femenina i de projecci\u00f3 del seu apoderament. Han aconseguit obrir portes que restaven tancades, fer lloc a [&hellip;]<\/p>\n","protected":false},"author":1,"featured_media":3946,"comment_status":"closed","ping_status":"closed","sticky":false,"template":"","format":"standard","meta":{"footnotes":""},"categories":[14],"tags":[],"class_list":["post-3945","post","type-post","status-publish","format-standard","has-post-thumbnail","hentry","category-levangeli-del-mes"],"_links":{"self":[{"href":"https:\/\/donesesglesia.cat\/wp_cde\/wp-json\/wp\/v2\/posts\/3945","targetHints":{"allow":["GET"]}}],"collection":[{"href":"https:\/\/donesesglesia.cat\/wp_cde\/wp-json\/wp\/v2\/posts"}],"about":[{"href":"https:\/\/donesesglesia.cat\/wp_cde\/wp-json\/wp\/v2\/types\/post"}],"author":[{"embeddable":true,"href":"https:\/\/donesesglesia.cat\/wp_cde\/wp-json\/wp\/v2\/users\/1"}],"replies":[{"embeddable":true,"href":"https:\/\/donesesglesia.cat\/wp_cde\/wp-json\/wp\/v2\/comments?post=3945"}],"version-history":[{"count":0,"href":"https:\/\/donesesglesia.cat\/wp_cde\/wp-json\/wp\/v2\/posts\/3945\/revisions"}],"wp:featuredmedia":[{"embeddable":true,"href":"https:\/\/donesesglesia.cat\/wp_cde\/wp-json\/wp\/v2\/media\/3946"}],"wp:attachment":[{"href":"https:\/\/donesesglesia.cat\/wp_cde\/wp-json\/wp\/v2\/media?parent=3945"}],"wp:term":[{"taxonomy":"category","embeddable":true,"href":"https:\/\/donesesglesia.cat\/wp_cde\/wp-json\/wp\/v2\/categories?post=3945"},{"taxonomy":"post_tag","embeddable":true,"href":"https:\/\/donesesglesia.cat\/wp_cde\/wp-json\/wp\/v2\/tags?post=3945"}],"curies":[{"name":"wp","href":"https:\/\/api.w.org\/{rel}","templated":true}]}}