{"id":3875,"date":"2014-12-01T21:14:36","date_gmt":"2014-12-01T21:14:36","guid":{"rendered":"http:\/\/donesesglesia.cat\/wp_cde\/?p=3875"},"modified":"2015-02-08T21:26:19","modified_gmt":"2015-02-08T21:26:19","slug":"reflexio-desembre-2014","status":"publish","type":"post","link":"https:\/\/donesesglesia.cat\/wp_cde\/reflexio-desembre-2014\/","title":{"rendered":"Reflexi\u00f3 &#8211; Desembre 2014"},"content":{"rendered":"<p><a href=\"http:\/\/donesesglesia.cat\/wp_cde\/wp-content\/uploads\/2014\/12\/evangeli_desembre2014_p.jpg\"><br \/><img loading=\"lazy\" decoding=\"async\" class=\"alignright size-full wp-image-3892\" src=\"http:\/\/donesesglesia.cat\/wp_cde\/wp-content\/uploads\/2014\/12\/evangeli_desembre2014_p.jpg\" alt=\"evangeli_desembre2014_p\" width=\"300\" height=\"416\" srcset=\"https:\/\/donesesglesia.cat\/wp_cde\/wp-content\/uploads\/2014\/12\/evangeli_desembre2014_p.jpg 300w, https:\/\/donesesglesia.cat\/wp_cde\/wp-content\/uploads\/2014\/12\/evangeli_desembre2014_p-216x300.jpg 216w\" sizes=\"auto, (max-width: 300px) 100vw, 300px\" \/><\/a>Sigueu sempre col\u00b7lectiu, que vol<br \/>dir comunitat, que vol dir poble.<br \/>I doneu testimoni de comprom\u00eds.<br \/>Amb aquest col\u00b7lectiu hi crec.<br \/>Estigueu en comuni\u00f3.<br \/>Sigueu de comprom\u00eds diari.<br \/>Comuniqueu vida i esperan\u00e7a.<br \/>Sigueu comunicaci\u00f3.<br \/>L\u2019 experi\u00e8ncia \u00e9s comprom\u00eds.<br \/>Experi\u00e8ncia personal.<br \/>Mantingueu l\u2019 experi\u00e8ncia solid\u00e0ria.<br \/>Contacte amb els altres m\u00f3ns; aix\u00f2 ajuda<br \/>a entendre\u2019ns.<br \/>Estiguem units, continuarem units.<br \/>Una abra\u00e7ada de vida<\/p>\n<p><strong>Pere Casald\u00e0liga<\/strong><\/p>\n","protected":false},"excerpt":{"rendered":"<p>Sigueu sempre col\u00b7lectiu, que voldir comunitat, que vol dir poble.I doneu testimoni de comprom\u00eds.Amb aquest col\u00b7lectiu hi crec.Estigueu en comuni\u00f3.Sigueu de comprom\u00eds diari.Comuniqueu vida i esperan\u00e7a.Sigueu comunicaci\u00f3.L\u2019 experi\u00e8ncia \u00e9s comprom\u00eds.Experi\u00e8ncia [&hellip;]<\/p>\n","protected":false},"author":1,"featured_media":3883,"comment_status":"closed","ping_status":"closed","sticky":false,"template":"","format":"standard","meta":{"footnotes":""},"categories":[14],"tags":[],"class_list":["post-3875","post","type-post","status-publish","format-standard","has-post-thumbnail","hentry","category-levangeli-del-mes"],"_links":{"self":[{"href":"https:\/\/donesesglesia.cat\/wp_cde\/wp-json\/wp\/v2\/posts\/3875","targetHints":{"allow":["GET"]}}],"collection":[{"href":"https:\/\/donesesglesia.cat\/wp_cde\/wp-json\/wp\/v2\/posts"}],"about":[{"href":"https:\/\/donesesglesia.cat\/wp_cde\/wp-json\/wp\/v2\/types\/post"}],"author":[{"embeddable":true,"href":"https:\/\/donesesglesia.cat\/wp_cde\/wp-json\/wp\/v2\/users\/1"}],"replies":[{"embeddable":true,"href":"https:\/\/donesesglesia.cat\/wp_cde\/wp-json\/wp\/v2\/comments?post=3875"}],"version-history":[{"count":0,"href":"https:\/\/donesesglesia.cat\/wp_cde\/wp-json\/wp\/v2\/posts\/3875\/revisions"}],"wp:featuredmedia":[{"embeddable":true,"href":"https:\/\/donesesglesia.cat\/wp_cde\/wp-json\/wp\/v2\/media\/3883"}],"wp:attachment":[{"href":"https:\/\/donesesglesia.cat\/wp_cde\/wp-json\/wp\/v2\/media?parent=3875"}],"wp:term":[{"taxonomy":"category","embeddable":true,"href":"https:\/\/donesesglesia.cat\/wp_cde\/wp-json\/wp\/v2\/categories?post=3875"},{"taxonomy":"post_tag","embeddable":true,"href":"https:\/\/donesesglesia.cat\/wp_cde\/wp-json\/wp\/v2\/tags?post=3875"}],"curies":[{"name":"wp","href":"https:\/\/api.w.org\/{rel}","templated":true}]}}