{"id":3873,"date":"2015-01-01T21:27:40","date_gmt":"2015-01-01T21:27:40","guid":{"rendered":"http:\/\/donesesglesia.cat\/wp_cde\/?p=3873"},"modified":"2015-02-08T21:33:45","modified_gmt":"2015-02-08T21:33:45","slug":"reflexio-gener-2015","status":"publish","type":"post","link":"https:\/\/donesesglesia.cat\/wp_cde\/reflexio-gener-2015\/","title":{"rendered":"Reflexi\u00f3 &#8211; Gener 2015"},"content":{"rendered":"<blockquote>\n<p><a href=\"http:\/\/www.periodistadigital.com\/religion\/opinion\/2012\/03\/16\/dolores-aleixandre-iglesia-religion-iglesia-monja-religion-jesus-papa-obispos-vida-religiosa-mujer.shtml\" target=\"_blank\"><img loading=\"lazy\" decoding=\"async\" class=\"alignright wp-image-3898 size-medium\" src=\"http:\/\/donesesglesia.cat\/wp_cde\/wp-content\/uploads\/2015\/02\/evangeli_gener2015-194x300.jpg\" alt=\"evangeli_gener2015\" width=\"194\" height=\"300\" srcset=\"https:\/\/donesesglesia.cat\/wp_cde\/wp-content\/uploads\/2015\/02\/evangeli_gener2015-194x300.jpg 194w, https:\/\/donesesglesia.cat\/wp_cde\/wp-content\/uploads\/2015\/02\/evangeli_gener2015.jpg 226w\" sizes=\"auto, (max-width: 194px) 100vw, 194px\" \/><\/a>Hi ha un temor en la Confer\u00e8ncia Episcopal, com si qualsevulla dona que defensi els seus drets estigui reclamant l\u2019 ordenaci\u00f3.<\/p>\n<p>I no es tracta d\u2019 aix\u00f2, si no de que l\u2019Evangeli empeny de baix a dalt, perqu\u00e8 parla d\u2019 una comunitat circular en la que alg\u00fa t\u00e9 la presid\u00e8ncia, per\u00f2 en la que tots som germans i germanes.<\/p>\n<p>Em pregunto perqu\u00e8 tenim tanta por al somni circular i fratern de Jes\u00fas i crec que tenim molta confusi\u00f3 entre autoritat i poder.<\/p>\n<\/blockquote>\n<p style=\"text-align: right;\"><a href=\"http:\/\/www.periodistadigital.com\/religion\/opinion\/2012\/03\/16\/dolores-aleixandre-iglesia-religion-iglesia-monja-religion-jesus-papa-obispos-vida-religiosa-mujer.shtml\" target=\"_blank\">Dolores Alexandre. Entrevista a <em>Religi\u00f3 Digital<\/em><\/a><\/p>\n","protected":false},"excerpt":{"rendered":"<p>Hi ha un temor en la Confer\u00e8ncia Episcopal, com si qualsevulla dona que defensi els seus drets estigui reclamant l\u2019 ordenaci\u00f3. I no es tracta d\u2019 aix\u00f2, si no de [&hellip;]<\/p>\n","protected":false},"author":1,"featured_media":3896,"comment_status":"closed","ping_status":"closed","sticky":false,"template":"","format":"standard","meta":{"footnotes":""},"categories":[14],"tags":[],"class_list":["post-3873","post","type-post","status-publish","format-standard","has-post-thumbnail","hentry","category-levangeli-del-mes"],"_links":{"self":[{"href":"https:\/\/donesesglesia.cat\/wp_cde\/wp-json\/wp\/v2\/posts\/3873","targetHints":{"allow":["GET"]}}],"collection":[{"href":"https:\/\/donesesglesia.cat\/wp_cde\/wp-json\/wp\/v2\/posts"}],"about":[{"href":"https:\/\/donesesglesia.cat\/wp_cde\/wp-json\/wp\/v2\/types\/post"}],"author":[{"embeddable":true,"href":"https:\/\/donesesglesia.cat\/wp_cde\/wp-json\/wp\/v2\/users\/1"}],"replies":[{"embeddable":true,"href":"https:\/\/donesesglesia.cat\/wp_cde\/wp-json\/wp\/v2\/comments?post=3873"}],"version-history":[{"count":0,"href":"https:\/\/donesesglesia.cat\/wp_cde\/wp-json\/wp\/v2\/posts\/3873\/revisions"}],"wp:featuredmedia":[{"embeddable":true,"href":"https:\/\/donesesglesia.cat\/wp_cde\/wp-json\/wp\/v2\/media\/3896"}],"wp:attachment":[{"href":"https:\/\/donesesglesia.cat\/wp_cde\/wp-json\/wp\/v2\/media?parent=3873"}],"wp:term":[{"taxonomy":"category","embeddable":true,"href":"https:\/\/donesesglesia.cat\/wp_cde\/wp-json\/wp\/v2\/categories?post=3873"},{"taxonomy":"post_tag","embeddable":true,"href":"https:\/\/donesesglesia.cat\/wp_cde\/wp-json\/wp\/v2\/tags?post=3873"}],"curies":[{"name":"wp","href":"https:\/\/api.w.org\/{rel}","templated":true}]}}