{"id":3862,"date":"2015-02-03T19:59:51","date_gmt":"2015-02-03T19:59:51","guid":{"rendered":"http:\/\/donesesglesia.cat\/wp_cde\/?p=3862"},"modified":"2015-02-03T19:59:51","modified_gmt":"2015-02-03T19:59:51","slug":"reflexio-febrer-2015","status":"publish","type":"post","link":"https:\/\/donesesglesia.cat\/wp_cde\/reflexio-febrer-2015\/","title":{"rendered":"Reflexi\u00f3 &#8211; Febrer 2015"},"content":{"rendered":"<blockquote>\n<p style=\"text-align: center;\"><em>Canta-li a la Vida!<br \/>Per poc feli\u00e7 que siguis, canta-li a la Vida!<br \/>El m\u00e9s petit infant \u00e9s la m\u00e9s gran poesia.<br \/>Tracta la teva petita felicitat com si fos un infant.<br \/>S\u00f3c un infant amb una armadura. Amb el temps vaig aprenent que<br \/>hi ha joguines m\u00e9s boniques, jocs m\u00e9s divertits. Ara, en comptes<br \/>de guerrer armat, prefereixo ser trobador o joglar,<br \/>i Cantar-li a la Vida!<\/em><\/p>\n<p style=\"text-align: center;\">Xavier Perea Torres<\/p>\n<p style=\"text-align: center;\"><em><a href=\"http:\/\/donesesglesia.cat\/wp_cde\/wp-content\/uploads\/2015\/02\/reflexio-febrer2015_g.jpg\"><img loading=\"lazy\" decoding=\"async\" class=\"aligncenter wp-image-3869\" src=\"http:\/\/donesesglesia.cat\/wp_cde\/wp-content\/uploads\/2015\/02\/reflexio-febrer2015_g.jpg\" alt=\"reflexio-febrer2015_g\" width=\"500\" height=\"467\" srcset=\"https:\/\/donesesglesia.cat\/wp_cde\/wp-content\/uploads\/2015\/02\/reflexio-febrer2015_g.jpg 630w, https:\/\/donesesglesia.cat\/wp_cde\/wp-content\/uploads\/2015\/02\/reflexio-febrer2015_g-300x280.jpg 300w\" sizes=\"auto, (max-width: 500px) 100vw, 500px\" \/><\/a><\/em><\/p>\n<\/blockquote>\n","protected":false},"excerpt":{"rendered":"<p>Canta-li a la Vida!Per poc feli\u00e7 que siguis, canta-li a la Vida!El m\u00e9s petit infant \u00e9s la m\u00e9s gran poesia.Tracta la teva petita felicitat com si fos un infant.S\u00f3c un [&hellip;]<\/p>\n","protected":false},"author":1,"featured_media":3869,"comment_status":"closed","ping_status":"closed","sticky":false,"template":"","format":"standard","meta":{"footnotes":""},"categories":[14],"tags":[],"class_list":["post-3862","post","type-post","status-publish","format-standard","has-post-thumbnail","hentry","category-levangeli-del-mes"],"_links":{"self":[{"href":"https:\/\/donesesglesia.cat\/wp_cde\/wp-json\/wp\/v2\/posts\/3862","targetHints":{"allow":["GET"]}}],"collection":[{"href":"https:\/\/donesesglesia.cat\/wp_cde\/wp-json\/wp\/v2\/posts"}],"about":[{"href":"https:\/\/donesesglesia.cat\/wp_cde\/wp-json\/wp\/v2\/types\/post"}],"author":[{"embeddable":true,"href":"https:\/\/donesesglesia.cat\/wp_cde\/wp-json\/wp\/v2\/users\/1"}],"replies":[{"embeddable":true,"href":"https:\/\/donesesglesia.cat\/wp_cde\/wp-json\/wp\/v2\/comments?post=3862"}],"version-history":[{"count":0,"href":"https:\/\/donesesglesia.cat\/wp_cde\/wp-json\/wp\/v2\/posts\/3862\/revisions"}],"wp:featuredmedia":[{"embeddable":true,"href":"https:\/\/donesesglesia.cat\/wp_cde\/wp-json\/wp\/v2\/media\/3869"}],"wp:attachment":[{"href":"https:\/\/donesesglesia.cat\/wp_cde\/wp-json\/wp\/v2\/media?parent=3862"}],"wp:term":[{"taxonomy":"category","embeddable":true,"href":"https:\/\/donesesglesia.cat\/wp_cde\/wp-json\/wp\/v2\/categories?post=3862"},{"taxonomy":"post_tag","embeddable":true,"href":"https:\/\/donesesglesia.cat\/wp_cde\/wp-json\/wp\/v2\/tags?post=3862"}],"curies":[{"name":"wp","href":"https:\/\/api.w.org\/{rel}","templated":true}]}}