{"id":3608,"date":"2014-09-27T18:15:16","date_gmt":"2014-09-27T18:15:16","guid":{"rendered":"http:\/\/donesesglesia.cat\/wp_cde\/?p=3608"},"modified":"2015-02-08T21:08:08","modified_gmt":"2015-02-08T21:08:08","slug":"levangeli-del-mes-setembre-2014","status":"publish","type":"post","link":"https:\/\/donesesglesia.cat\/wp_cde\/levangeli-del-mes-setembre-2014\/","title":{"rendered":"L&#8217;evangeli del mes &#8211; Octubre 2014"},"content":{"rendered":"<blockquote>\n<p><em><a href=\"http:\/\/donesesglesia.cat\/wp_cde\/wp-content\/uploads\/2014\/09\/evangeli_setembre2014.jpg\"><img loading=\"lazy\" decoding=\"async\" class=\"alignright size-medium wp-image-3610\" src=\"http:\/\/donesesglesia.cat\/wp_cde\/wp-content\/uploads\/2014\/09\/evangeli_setembre2014-297x300.jpg\" alt=\"evangeli_setembre2014\" width=\"297\" height=\"300\" srcset=\"https:\/\/donesesglesia.cat\/wp_cde\/wp-content\/uploads\/2014\/09\/evangeli_setembre2014-297x300.jpg 297w, https:\/\/donesesglesia.cat\/wp_cde\/wp-content\/uploads\/2014\/09\/evangeli_setembre2014-37x37.jpg 37w, https:\/\/donesesglesia.cat\/wp_cde\/wp-content\/uploads\/2014\/09\/evangeli_setembre2014-128x128.jpg 128w, https:\/\/donesesglesia.cat\/wp_cde\/wp-content\/uploads\/2014\/09\/evangeli_setembre2014.jpg 500w\" sizes=\"auto, (max-width: 297px) 100vw, 297px\" \/><\/a><\/em><strong>Resurrecci\u00f3 del fill d\u2019una viuda de Na\u00efm<\/strong><\/p>\n<p>Despr\u00e9s Jes\u00fas se n\u2019an\u00e0 en una vila anomenada Na\u00efm. L\u2019acompanyaven els seus deixebles i molta gent. Quan s\u2019acostava al portal de la vila, es trob\u00e0 que duien a enterrar un mort, fill \u00fanic d\u2019una dona que era viuda. Molta gent del poble acompanyava la mare. Aix\u00ed que el Senyor la va veure, en sent\u00ed compassi\u00f3 i li digu\u00e9:<\/p>\n<p>\u2013No ploris.<\/p>\n<p>Despr\u00e9s s\u2019acost\u00e0 al f\u00e8retre i el va tocar. Els qui el portaven s\u2019aturaren. Ell digu\u00e9:<\/p>\n<p>\u2013T\u2019ho mano: jove, aixeca\u2019t.<\/p>\n<p>El mort va incorporar-se i comen\u00e7\u00e0 a parlar. I Jes\u00fas el va donar a la seva mare. Tothom va quedar esglaiat i glorificaven D\u00e9u dient:<\/p>\n<p>\u2013Un gran profeta ha sorgit entre nosaltres.<\/p>\n<p>I tamb\u00e9:<\/p>\n<p>\u2013D\u00e9u ha visitat el seu poble.<\/p>\n<p style=\"text-align: right;\">Lluc 7, 11-16<\/p>\n<\/blockquote>\n<p>Encara avui la majoria de dones necessiten ser mirades amb compassi\u00f3 com Jes\u00fas ho feia, per\u00f2 en els temps actuals demanem just\u00edcia per ser considerades iguals en drets i dignitat.<\/p>\n","protected":false},"excerpt":{"rendered":"<p>Resurrecci\u00f3 del fill d\u2019una viuda de Na\u00efm Despr\u00e9s Jes\u00fas se n\u2019an\u00e0 en una vila anomenada Na\u00efm. L\u2019acompanyaven els seus deixebles i molta gent. Quan s\u2019acostava al portal de la vila, [&hellip;]<\/p>\n","protected":false},"author":1,"featured_media":3613,"comment_status":"closed","ping_status":"closed","sticky":false,"template":"","format":"standard","meta":{"footnotes":""},"categories":[14],"tags":[],"class_list":["post-3608","post","type-post","status-publish","format-standard","has-post-thumbnail","hentry","category-levangeli-del-mes"],"_links":{"self":[{"href":"https:\/\/donesesglesia.cat\/wp_cde\/wp-json\/wp\/v2\/posts\/3608","targetHints":{"allow":["GET"]}}],"collection":[{"href":"https:\/\/donesesglesia.cat\/wp_cde\/wp-json\/wp\/v2\/posts"}],"about":[{"href":"https:\/\/donesesglesia.cat\/wp_cde\/wp-json\/wp\/v2\/types\/post"}],"author":[{"embeddable":true,"href":"https:\/\/donesesglesia.cat\/wp_cde\/wp-json\/wp\/v2\/users\/1"}],"replies":[{"embeddable":true,"href":"https:\/\/donesesglesia.cat\/wp_cde\/wp-json\/wp\/v2\/comments?post=3608"}],"version-history":[{"count":0,"href":"https:\/\/donesesglesia.cat\/wp_cde\/wp-json\/wp\/v2\/posts\/3608\/revisions"}],"wp:featuredmedia":[{"embeddable":true,"href":"https:\/\/donesesglesia.cat\/wp_cde\/wp-json\/wp\/v2\/media\/3613"}],"wp:attachment":[{"href":"https:\/\/donesesglesia.cat\/wp_cde\/wp-json\/wp\/v2\/media?parent=3608"}],"wp:term":[{"taxonomy":"category","embeddable":true,"href":"https:\/\/donesesglesia.cat\/wp_cde\/wp-json\/wp\/v2\/categories?post=3608"},{"taxonomy":"post_tag","embeddable":true,"href":"https:\/\/donesesglesia.cat\/wp_cde\/wp-json\/wp\/v2\/tags?post=3608"}],"curies":[{"name":"wp","href":"https:\/\/api.w.org\/{rel}","templated":true}]}}