{"id":3400,"date":"2014-05-30T21:03:23","date_gmt":"2014-05-30T21:03:23","guid":{"rendered":"http:\/\/donesesglesia.cat\/wp_cde\/?p=3400"},"modified":"2014-05-30T21:03:23","modified_gmt":"2014-05-30T21:03:23","slug":"activitats-cde-horta-juny-2014","status":"publish","type":"post","link":"https:\/\/donesesglesia.cat\/wp_cde\/activitats-cde-horta-juny-2014\/","title":{"rendered":"Activitats CDE-Horta &#8211; Juny 2014"},"content":{"rendered":"<p><strong>12 de juny, dijous, a les 18 h<\/strong><br \/>Confer\u00e8ncia: <strong>\u201cViure l&#8217;Esgl\u00e9sia a la frontera del conflicte social i la crisi\u201d<\/strong>, a c\u00e0rrec de Merc\u00e8 Otero Vidal<br \/>Lloc: Biblioteca Can Mariner, c\/ del Vent, 1 (tocant al c\/ Horta)<\/p>\n<p><strong>18 de juny, dimecres, a les 18 h<\/strong><br \/>Confer\u00e8ncia: <strong>\u201cHist\u00f2ria dels papes. Un rep\u00e0s dels personatges m\u00e9s significatius\u201d<\/strong>, a c\u00e0rrec de Manel Cord\u00f3n Jim\u00e9nez<br \/>Lloc: Casal de la Font d\u2019en Fargues, c\/ Pedrell, 67-69. Autobusos: 39 i 117<\/p>\n<p><strong>19 de juny, dijous, a les 17, 30 h<\/strong><br \/><strong>Reuni\u00f3 de grup<\/strong><br \/>Lloc: Biblioteca Can Mariner, c\/ del Vent, 1 (tocant al c\/ Horta)<\/p>\n<p><strong>25 de juny, dimecres, a les 18 h<\/strong><br \/>Confer\u00e8ncia: <strong>\u201cLa Maternitat d\u2019Elna\u201d<\/strong>, a c\u00e0rrec d\u2019Assumpta Montell\u00e0<br \/>Lloc: Casal de la Font d\u2019en Fargues, c\/ Pedrell, 67-69. Autobusos: 39 i 117<\/p>\n","protected":false},"excerpt":{"rendered":"<p>12 de juny, dijous, a les 18 hConfer\u00e8ncia: \u201cViure l&#8217;Esgl\u00e9sia a la frontera del conflicte social i la crisi\u201d, a c\u00e0rrec de Merc\u00e8 Otero VidalLloc: Biblioteca Can Mariner, c\/ del [&hellip;]<\/p>\n","protected":false},"author":1,"featured_media":3292,"comment_status":"closed","ping_status":"closed","sticky":false,"template":"","format":"standard","meta":{"footnotes":""},"categories":[8],"tags":[],"class_list":["post-3400","post","type-post","status-publish","format-standard","has-post-thumbnail","hentry","category-activitats-cde-horta"],"_links":{"self":[{"href":"https:\/\/donesesglesia.cat\/wp_cde\/wp-json\/wp\/v2\/posts\/3400","targetHints":{"allow":["GET"]}}],"collection":[{"href":"https:\/\/donesesglesia.cat\/wp_cde\/wp-json\/wp\/v2\/posts"}],"about":[{"href":"https:\/\/donesesglesia.cat\/wp_cde\/wp-json\/wp\/v2\/types\/post"}],"author":[{"embeddable":true,"href":"https:\/\/donesesglesia.cat\/wp_cde\/wp-json\/wp\/v2\/users\/1"}],"replies":[{"embeddable":true,"href":"https:\/\/donesesglesia.cat\/wp_cde\/wp-json\/wp\/v2\/comments?post=3400"}],"version-history":[{"count":0,"href":"https:\/\/donesesglesia.cat\/wp_cde\/wp-json\/wp\/v2\/posts\/3400\/revisions"}],"wp:featuredmedia":[{"embeddable":true,"href":"https:\/\/donesesglesia.cat\/wp_cde\/wp-json\/wp\/v2\/media\/3292"}],"wp:attachment":[{"href":"https:\/\/donesesglesia.cat\/wp_cde\/wp-json\/wp\/v2\/media?parent=3400"}],"wp:term":[{"taxonomy":"category","embeddable":true,"href":"https:\/\/donesesglesia.cat\/wp_cde\/wp-json\/wp\/v2\/categories?post=3400"},{"taxonomy":"post_tag","embeddable":true,"href":"https:\/\/donesesglesia.cat\/wp_cde\/wp-json\/wp\/v2\/tags?post=3400"}],"curies":[{"name":"wp","href":"https:\/\/api.w.org\/{rel}","templated":true}]}}