{"id":3294,"date":"2014-05-07T19:17:01","date_gmt":"2014-05-07T19:17:01","guid":{"rendered":"http:\/\/donesesglesia.cat\/wp_cde\/?p=3294"},"modified":"2014-05-07T19:17:01","modified_gmt":"2014-05-07T19:17:01","slug":"activitats-cde-girona-maig-2014","status":"publish","type":"post","link":"https:\/\/donesesglesia.cat\/wp_cde\/activitats-cde-girona-maig-2014\/","title":{"rendered":"Activitats CDE-Girona &#8211; Maig 2014"},"content":{"rendered":"<p><strong>6 de maig, dimarts, de 17 a 19 h<\/strong><br \/>\nSessi\u00f3 de cinef\u00f2rum amb la pel\u00b7l\u00edcula Una can\u00e7\u00f3 del passat, dirigida per Shainee Gabel<br \/>\nLloc: Centre C\u00edvic Pla de Palau, c\/ Saragossa, 27<\/p>\n<p><strong>13 de maig, dimarts, de 17 a 19 h<\/strong><br \/>\n<strong>Reuni\u00f3 mensual ordin\u00e0ria<\/strong><br \/>\nLloc: Centre C\u00edvic Pla de Palau, c\/ Saragossa, 27<\/p>\n<p><strong>20 de maig, dimarts, a les 18 h<\/strong><br \/>\n<strong>Lit\u00fargia de vespres<\/strong><br \/>\nLloc: Carmelites Descalces de Montilivi, Av. Montilivi, 27<\/p>\n<p><strong>27 de maig, dimarts, de 17.30 a 20 h<\/strong><br \/>\nConfer\u00e8ncia: <strong>\u201cCom tracta avui, el Vatic\u00e0, la q\u00fcesti\u00f3 de l\u2019ordenaci\u00f3 de les dones: Joan Pau II i el seu impossible punt final a aquesta q\u00fcesti\u00f3. La dona pensa, reflexiona, diu i actua\u201d<\/strong>, a c\u00e0rrec de M. Pau Trayner<br \/>\nLloc: Centre C\u00edvic Pla de Palau, c\/ Saragossa, 27<\/p>\n","protected":false},"excerpt":{"rendered":"<p>6 de maig, dimarts, de 17 a 19 h Sessi\u00f3 de cinef\u00f2rum amb la pel\u00b7l\u00edcula Una can\u00e7\u00f3 del passat, dirigida per Shainee Gabel Lloc: Centre C\u00edvic Pla de Palau, c\/ [&hellip;]<\/p>\n","protected":false},"author":1,"featured_media":3295,"comment_status":"closed","ping_status":"closed","sticky":false,"template":"","format":"standard","meta":{"footnotes":""},"categories":[7],"tags":[],"class_list":["post-3294","post","type-post","status-publish","format-standard","has-post-thumbnail","hentry","category-activitats-cde-girona"],"_links":{"self":[{"href":"https:\/\/donesesglesia.cat\/wp_cde\/wp-json\/wp\/v2\/posts\/3294","targetHints":{"allow":["GET"]}}],"collection":[{"href":"https:\/\/donesesglesia.cat\/wp_cde\/wp-json\/wp\/v2\/posts"}],"about":[{"href":"https:\/\/donesesglesia.cat\/wp_cde\/wp-json\/wp\/v2\/types\/post"}],"author":[{"embeddable":true,"href":"https:\/\/donesesglesia.cat\/wp_cde\/wp-json\/wp\/v2\/users\/1"}],"replies":[{"embeddable":true,"href":"https:\/\/donesesglesia.cat\/wp_cde\/wp-json\/wp\/v2\/comments?post=3294"}],"version-history":[{"count":0,"href":"https:\/\/donesesglesia.cat\/wp_cde\/wp-json\/wp\/v2\/posts\/3294\/revisions"}],"wp:featuredmedia":[{"embeddable":true,"href":"https:\/\/donesesglesia.cat\/wp_cde\/wp-json\/wp\/v2\/media\/3295"}],"wp:attachment":[{"href":"https:\/\/donesesglesia.cat\/wp_cde\/wp-json\/wp\/v2\/media?parent=3294"}],"wp:term":[{"taxonomy":"category","embeddable":true,"href":"https:\/\/donesesglesia.cat\/wp_cde\/wp-json\/wp\/v2\/categories?post=3294"},{"taxonomy":"post_tag","embeddable":true,"href":"https:\/\/donesesglesia.cat\/wp_cde\/wp-json\/wp\/v2\/tags?post=3294"}],"curies":[{"name":"wp","href":"https:\/\/api.w.org\/{rel}","templated":true}]}}