{"id":3276,"date":"2014-05-01T20:43:27","date_gmt":"2014-05-01T20:43:27","guid":{"rendered":"http:\/\/donesesglesia.cat\/wp_cde\/?p=3276"},"modified":"2014-05-30T19:42:54","modified_gmt":"2014-05-30T19:42:54","slug":"levangeli-del-mes","status":"publish","type":"post","link":"https:\/\/donesesglesia.cat\/wp_cde\/levangeli-del-mes\/","title":{"rendered":"L&#8217;evangeli del mes &#8211; Maig 2014"},"content":{"rendered":"<blockquote>\n<p><a href=\"http:\/\/donesesglesia.cat\/wp_cde\/wp-content\/uploads\/2014\/05\/evangeli-maig2014.jpg.jpg\"><img loading=\"lazy\" decoding=\"async\" class=\"alignright size-medium wp-image-3279\" src=\"http:\/\/donesesglesia.cat\/wp_cde\/wp-content\/uploads\/2014\/05\/evangeli-maig2014.jpg-300x260.jpg\" alt=\"evangeli-maig2014.jpg\" width=\"300\" height=\"260\" srcset=\"https:\/\/donesesglesia.cat\/wp_cde\/wp-content\/uploads\/2014\/05\/evangeli-maig2014.jpg-300x260.jpg 300w, https:\/\/donesesglesia.cat\/wp_cde\/wp-content\/uploads\/2014\/05\/evangeli-maig2014.jpg.jpg 630w\" sizes=\"auto, (max-width: 300px) 100vw, 300px\" \/><\/a><em>Fer un memorial \u00e9s tornar a viure un fet o situaci\u00f3 coneguda que ja s\u2019ha viscut una altra vegada. S\u2019ha de subratllar el fet viure. Tota la for\u00e7a del memorial est\u00e0 a fer present el moment hist\u00f2ric escollit. L\u2019ess\u00e8ncia del memorial \u00e9s a la vida i no en altra cosa&#8230;<br \/> La fe dels seguidors de Jes\u00fas els va dur a repetir all\u00f2 que havien fet amb ell i que ell mateix els havia manat fer en mem\u00f2ria seva. Van reviure tot all\u00f2 que havien viscut amb ell, en vida i en l\u2019\u00faltim sopar: la nova alian\u00e7a en la pr\u00f2pia hist\u00f2ria de salvaci\u00f3.<\/em><\/p>\n<\/blockquote>\n<p>Assumpta MAR\u00cdN, Maria A. TORRENTS i M. Pau TRAYNER<br \/> <em>Feu aix\u00f2. Una manera de veure i viure l\u2019Eucaristia<\/em> (Ed. Icaria)<\/p>\n","protected":false},"excerpt":{"rendered":"<p>Fer un memorial \u00e9s tornar a viure un fet o situaci\u00f3 coneguda que ja s\u2019ha viscut una altra vegada. S\u2019ha de subratllar el fet viure. Tota la for\u00e7a del memorial [&hellip;]<\/p>\n","protected":false},"author":1,"featured_media":3279,"comment_status":"closed","ping_status":"closed","sticky":false,"template":"","format":"standard","meta":{"footnotes":""},"categories":[14],"tags":[],"class_list":["post-3276","post","type-post","status-publish","format-standard","has-post-thumbnail","hentry","category-levangeli-del-mes"],"_links":{"self":[{"href":"https:\/\/donesesglesia.cat\/wp_cde\/wp-json\/wp\/v2\/posts\/3276","targetHints":{"allow":["GET"]}}],"collection":[{"href":"https:\/\/donesesglesia.cat\/wp_cde\/wp-json\/wp\/v2\/posts"}],"about":[{"href":"https:\/\/donesesglesia.cat\/wp_cde\/wp-json\/wp\/v2\/types\/post"}],"author":[{"embeddable":true,"href":"https:\/\/donesesglesia.cat\/wp_cde\/wp-json\/wp\/v2\/users\/1"}],"replies":[{"embeddable":true,"href":"https:\/\/donesesglesia.cat\/wp_cde\/wp-json\/wp\/v2\/comments?post=3276"}],"version-history":[{"count":0,"href":"https:\/\/donesesglesia.cat\/wp_cde\/wp-json\/wp\/v2\/posts\/3276\/revisions"}],"wp:featuredmedia":[{"embeddable":true,"href":"https:\/\/donesesglesia.cat\/wp_cde\/wp-json\/wp\/v2\/media\/3279"}],"wp:attachment":[{"href":"https:\/\/donesesglesia.cat\/wp_cde\/wp-json\/wp\/v2\/media?parent=3276"}],"wp:term":[{"taxonomy":"category","embeddable":true,"href":"https:\/\/donesesglesia.cat\/wp_cde\/wp-json\/wp\/v2\/categories?post=3276"},{"taxonomy":"post_tag","embeddable":true,"href":"https:\/\/donesesglesia.cat\/wp_cde\/wp-json\/wp\/v2\/tags?post=3276"}],"curies":[{"name":"wp","href":"https:\/\/api.w.org\/{rel}","templated":true}]}}