{"id":3208,"date":"2014-03-30T16:46:38","date_gmt":"2014-03-30T16:46:38","guid":{"rendered":"http:\/\/donesesglesia.cat\/wp_cde\/?p=3208"},"modified":"2014-03-30T16:46:38","modified_gmt":"2014-03-30T16:46:38","slug":"activitats-cde-girona-abril-2014","status":"publish","type":"post","link":"https:\/\/donesesglesia.cat\/wp_cde\/activitats-cde-girona-abril-2014\/","title":{"rendered":"Activitats CDE-Girona &#8211; Abril 2014"},"content":{"rendered":"<p><img loading=\"lazy\" decoding=\"async\" alt=\"\" src=\"http:\/\/donesesglesia.cat\/wp_cde\/wp-content\/uploads\/2011\/04\/Girona-p.jpg\" width=\"350\" height=\"131\" \/><\/p>\n<p><b>1 d&#8217;abril, dimarts, de 17 a 19 h,<br \/>\nSessi\u00f3 de cinef\u00f2rum <\/b>amb la pel\u00b7l\u00edcula<b> <\/b><strong>\u201cLa llave de Sarah\u201d,<\/strong> dirigida per Gilles Paquet-Brennerannah.<br \/>\nLloc: Centre C\u00edvic Pla de Palau, c\/ Saragossa, 27<\/p>\n<p><b>8 d&#8217;abril, dimarts, de 17.30 a 20 h<br \/>\n<\/b>Confer\u00e8ncia:<b> <\/b><strong>\u201cEl nostre memorial, conclusions i reafirmacions de les decisions preses practicades\u201d<\/strong>, a c\u00e0rrec de M. Pau Trayner<br \/>\nLloc: Centre C\u00edvic Pla de Palau, c\/ Saragossa, 27<\/p>\n<p><strong>22 d&#8217;abril, dimarts, de 17 a 19 h<\/strong><br \/>\n<strong>Reuni\u00f3 mensual ordin\u00e0ria<\/strong><br \/>\nLloc: Centre C\u00edvic Pla de Palau, c\/ Saragossa, 27<\/p>\n<p><strong>29 d&#8217;abril, dimarts, a les 18 h<\/strong><br \/>\nCelebraci\u00f3 del Dia Internacional per al Reconeixement de les Dones en l\u2019Esgl\u00e9sia Cat\u00f2lica, <strong>lit\u00fargia de vespres<br \/>\n<\/strong>Lloc: Carmelites Descalces de Montilivi, Av. Montilivi, 27<\/p>\n","protected":false},"excerpt":{"rendered":"<p>1 d&#8217;abril, dimarts, de 17 a 19 h, Sessi\u00f3 de cinef\u00f2rum amb la pel\u00b7l\u00edcula \u201cLa llave de Sarah\u201d, dirigida per Gilles Paquet-Brennerannah. Lloc: Centre C\u00edvic Pla de Palau, c\/ Saragossa, [&hellip;]<\/p>\n","protected":false},"author":1,"featured_media":448,"comment_status":"closed","ping_status":"closed","sticky":false,"template":"","format":"standard","meta":{"footnotes":""},"categories":[7],"tags":[],"class_list":["post-3208","post","type-post","status-publish","format-standard","has-post-thumbnail","hentry","category-activitats-cde-girona"],"_links":{"self":[{"href":"https:\/\/donesesglesia.cat\/wp_cde\/wp-json\/wp\/v2\/posts\/3208","targetHints":{"allow":["GET"]}}],"collection":[{"href":"https:\/\/donesesglesia.cat\/wp_cde\/wp-json\/wp\/v2\/posts"}],"about":[{"href":"https:\/\/donesesglesia.cat\/wp_cde\/wp-json\/wp\/v2\/types\/post"}],"author":[{"embeddable":true,"href":"https:\/\/donesesglesia.cat\/wp_cde\/wp-json\/wp\/v2\/users\/1"}],"replies":[{"embeddable":true,"href":"https:\/\/donesesglesia.cat\/wp_cde\/wp-json\/wp\/v2\/comments?post=3208"}],"version-history":[{"count":0,"href":"https:\/\/donesesglesia.cat\/wp_cde\/wp-json\/wp\/v2\/posts\/3208\/revisions"}],"wp:featuredmedia":[{"embeddable":true,"href":"https:\/\/donesesglesia.cat\/wp_cde\/wp-json\/wp\/v2\/media\/448"}],"wp:attachment":[{"href":"https:\/\/donesesglesia.cat\/wp_cde\/wp-json\/wp\/v2\/media?parent=3208"}],"wp:term":[{"taxonomy":"category","embeddable":true,"href":"https:\/\/donesesglesia.cat\/wp_cde\/wp-json\/wp\/v2\/categories?post=3208"},{"taxonomy":"post_tag","embeddable":true,"href":"https:\/\/donesesglesia.cat\/wp_cde\/wp-json\/wp\/v2\/tags?post=3208"}],"curies":[{"name":"wp","href":"https:\/\/api.w.org\/{rel}","templated":true}]}}