{"id":3173,"date":"2014-03-09T17:04:46","date_gmt":"2014-03-09T17:04:46","guid":{"rendered":"http:\/\/donesesglesia.cat\/wp_cde\/?p=3173"},"modified":"2014-03-09T17:04:46","modified_gmt":"2014-03-09T17:04:46","slug":"activitats-cde-girona-marc-2014","status":"publish","type":"post","link":"https:\/\/donesesglesia.cat\/wp_cde\/activitats-cde-girona-marc-2014\/","title":{"rendered":"Activitats CDE-Girona &#8211; Mar\u00e7 2014"},"content":{"rendered":"<p><img loading=\"lazy\" decoding=\"async\" alt=\"\" src=\"http:\/\/donesesglesia.cat\/wp_cde\/wp-content\/uploads\/2011\/04\/Girona-p.jpg\" width=\"350\" height=\"131\" \/><\/p>\n<p><b>4 de mar\u00e7, dimarts, de 17 a 19 h,<br \/>\nSessi\u00f3 de cinef\u00f2rum <\/b>amb la pel\u00b7l\u00edcula<b> <i>Hannah Arendt, <\/i><\/b>de Margarethe von Trotta.<br \/>\nLloc: Centre C\u00edvic Pla de Palau, c\/ Saragossa, 27<\/p>\n<p><b>7, 8 i 9 de mar\u00e7<br \/>\n<\/b><b>Muntatge pl\u00e0stic i participatiu en torn de la celebraci\u00f3 del\u00a0 Dia Internacional de la Dona Treballadora,<\/b> organitzat pel Col\u00b7lectiu de Dones d\u2019arreu del m\u00f3n i pel Col\u00b7lectiu de Dones en l\u2019Esgl\u00e9sia per la Paritat<br \/>\nLloc: Centre C\u00edvic Pla de Palau, c\/ Saragossa, 27 i Biblioteca Ernest Lluch<\/p>\n<p><b>8 de mar\u00e7, dissabte, a les 10 h<br \/>\nXarxa de Dones de Girona, constituci\u00f3 formal de la xarxa i celebraci\u00f3 del Dia Internacional de la Dona Treballadora<\/b><br \/>\nLloc: Centre C\u00edvic Barri Vell, c\/ Cort Reial, 7<\/p>\n<p><b>11 <\/b><b>de mar\u00e7, dimarts, de 17.30 a 20 h<br \/>\n<\/b>confer\u00e8ncia:<b> \u201cTeologia per al segle XXI\u201d<\/b>, a c\u00e0rrec de Roser Garriga Trullols<br \/>\nLloc: Centre C\u00edvic Pla de Palau, c\/ Saragossa, 27<\/p>\n<p><strong>18 de mar\u00e7, dimarts, de 17 a 19 h<\/strong><br \/>\n<strong>Reuni\u00f3 mensual ordin\u00e0ria<\/strong><br \/>\nLloc: Centre C\u00edvic Pla de Palau, c\/ Saragossa, 27<\/p>\n<p><strong>25 de mar\u00e7, dimarts, a les 18 h<\/strong><br \/>\nCelebraci\u00f3 del Dia Internacional per al Reconeixement de les Dones en l\u2019Esgl\u00e9sia Cat\u00f2lica, <strong>lit\u00fargia de vespres<br \/>\n<\/strong>Lloc: Carmelites Descalces de Montilivi, Av. Montilivi, 27<\/p>\n","protected":false},"excerpt":{"rendered":"<p>4 de mar\u00e7, dimarts, de 17 a 19 h, Sessi\u00f3 de cinef\u00f2rum amb la pel\u00b7l\u00edcula Hannah Arendt, de Margarethe von Trotta. Lloc: Centre C\u00edvic Pla de Palau, c\/ Saragossa, 27 [&hellip;]<\/p>\n","protected":false},"author":1,"featured_media":448,"comment_status":"closed","ping_status":"closed","sticky":false,"template":"","format":"standard","meta":{"footnotes":""},"categories":[7],"tags":[],"class_list":["post-3173","post","type-post","status-publish","format-standard","has-post-thumbnail","hentry","category-activitats-cde-girona"],"_links":{"self":[{"href":"https:\/\/donesesglesia.cat\/wp_cde\/wp-json\/wp\/v2\/posts\/3173","targetHints":{"allow":["GET"]}}],"collection":[{"href":"https:\/\/donesesglesia.cat\/wp_cde\/wp-json\/wp\/v2\/posts"}],"about":[{"href":"https:\/\/donesesglesia.cat\/wp_cde\/wp-json\/wp\/v2\/types\/post"}],"author":[{"embeddable":true,"href":"https:\/\/donesesglesia.cat\/wp_cde\/wp-json\/wp\/v2\/users\/1"}],"replies":[{"embeddable":true,"href":"https:\/\/donesesglesia.cat\/wp_cde\/wp-json\/wp\/v2\/comments?post=3173"}],"version-history":[{"count":0,"href":"https:\/\/donesesglesia.cat\/wp_cde\/wp-json\/wp\/v2\/posts\/3173\/revisions"}],"wp:featuredmedia":[{"embeddable":true,"href":"https:\/\/donesesglesia.cat\/wp_cde\/wp-json\/wp\/v2\/media\/448"}],"wp:attachment":[{"href":"https:\/\/donesesglesia.cat\/wp_cde\/wp-json\/wp\/v2\/media?parent=3173"}],"wp:term":[{"taxonomy":"category","embeddable":true,"href":"https:\/\/donesesglesia.cat\/wp_cde\/wp-json\/wp\/v2\/categories?post=3173"},{"taxonomy":"post_tag","embeddable":true,"href":"https:\/\/donesesglesia.cat\/wp_cde\/wp-json\/wp\/v2\/tags?post=3173"}],"curies":[{"name":"wp","href":"https:\/\/api.w.org\/{rel}","templated":true}]}}