{"id":3170,"date":"2014-03-09T16:58:07","date_gmt":"2014-03-09T16:58:07","guid":{"rendered":"http:\/\/donesesglesia.cat\/wp_cde\/?p=3170"},"modified":"2014-03-30T16:34:20","modified_gmt":"2014-03-30T16:34:20","slug":"activitats-cde-horta-marc-2014","status":"publish","type":"post","link":"https:\/\/donesesglesia.cat\/wp_cde\/activitats-cde-horta-marc-2014\/","title":{"rendered":"Activitats CDE-Horta &#8211; Mar\u00e7 2014"},"content":{"rendered":"<p><strong><a href=\"http:\/\/donesesglesia.cat\/wp_cde\/wp-content\/uploads\/2013\/05\/horta2013.jpg\"><img loading=\"lazy\" decoding=\"async\" class=\"alignleft size-medium wp-image-2558\" alt=\"horta2013\" src=\"http:\/\/donesesglesia.cat\/wp_cde\/wp-content\/uploads\/2013\/05\/horta2013-300x107.jpg\" width=\"300\" height=\"107\" srcset=\"https:\/\/donesesglesia.cat\/wp_cde\/wp-content\/uploads\/2013\/05\/horta2013-300x107.jpg 300w, https:\/\/donesesglesia.cat\/wp_cde\/wp-content\/uploads\/2013\/05\/horta2013.jpg 683w\" sizes=\"auto, (max-width: 300px) 100vw, 300px\" \/><\/a><\/strong><\/p>\n<p>&nbsp;<\/p>\n<p>&nbsp;<\/p>\n<p>&nbsp;<\/p>\n<p><strong><br \/>\n13 de mar\u00e7, dijous, a les 18 h<\/strong><br \/>\nConfer\u00e8ncia: \u201c<strong>Constant\u00ed, un emperador oportunista que transformar\u00e0 el cristianisme<\/strong>\u201d, a c\u00e0rrec de Manel Cord\u00f3n Jim\u00e9nez<br \/>\nLloc: Biblioteca Can Mariner, c\/ del Vent, 1 (tocant al c\/ Horta).<\/p>\n<p><strong>26 de mar\u00e7, dimecres, a les 18 h<\/strong><br \/>\nConfer\u00e8ncia: \u201c<strong>Dones emprenedores<\/strong>\u201d, a c\u00e0rrec de Merc\u00e8 Otero Vidal<br \/>\nLloc: Casal de la Font d\u2019en Fargues, c\/ Pedrell, 67-69. Parada de Metro de la L5: Carmel. Autobusos: 39 i 117<\/p>\n<p><strong>27 de mar\u00e7, dijous, a les 17, 30 h<\/strong><br \/>\n<strong>Reuni\u00f3 de grup<\/strong>.<br \/>\nLloc: Biblioteca Can Mariner, c\/ del Vent, 1 (tocant al c\/ Horta).<\/p>\n","protected":false},"excerpt":{"rendered":"<p>&nbsp; &nbsp; &nbsp; 13 de mar\u00e7, dijous, a les 18 h Confer\u00e8ncia: \u201cConstant\u00ed, un emperador oportunista que transformar\u00e0 el cristianisme\u201d, a c\u00e0rrec de Manel Cord\u00f3n Jim\u00e9nez Lloc: Biblioteca Can Mariner, [&hellip;]<\/p>\n","protected":false},"author":1,"featured_media":2558,"comment_status":"closed","ping_status":"closed","sticky":false,"template":"","format":"standard","meta":{"footnotes":""},"categories":[8],"tags":[],"class_list":["post-3170","post","type-post","status-publish","format-standard","has-post-thumbnail","hentry","category-activitats-cde-horta"],"_links":{"self":[{"href":"https:\/\/donesesglesia.cat\/wp_cde\/wp-json\/wp\/v2\/posts\/3170","targetHints":{"allow":["GET"]}}],"collection":[{"href":"https:\/\/donesesglesia.cat\/wp_cde\/wp-json\/wp\/v2\/posts"}],"about":[{"href":"https:\/\/donesesglesia.cat\/wp_cde\/wp-json\/wp\/v2\/types\/post"}],"author":[{"embeddable":true,"href":"https:\/\/donesesglesia.cat\/wp_cde\/wp-json\/wp\/v2\/users\/1"}],"replies":[{"embeddable":true,"href":"https:\/\/donesesglesia.cat\/wp_cde\/wp-json\/wp\/v2\/comments?post=3170"}],"version-history":[{"count":0,"href":"https:\/\/donesesglesia.cat\/wp_cde\/wp-json\/wp\/v2\/posts\/3170\/revisions"}],"wp:featuredmedia":[{"embeddable":true,"href":"https:\/\/donesesglesia.cat\/wp_cde\/wp-json\/wp\/v2\/media\/2558"}],"wp:attachment":[{"href":"https:\/\/donesesglesia.cat\/wp_cde\/wp-json\/wp\/v2\/media?parent=3170"}],"wp:term":[{"taxonomy":"category","embeddable":true,"href":"https:\/\/donesesglesia.cat\/wp_cde\/wp-json\/wp\/v2\/categories?post=3170"},{"taxonomy":"post_tag","embeddable":true,"href":"https:\/\/donesesglesia.cat\/wp_cde\/wp-json\/wp\/v2\/tags?post=3170"}],"curies":[{"name":"wp","href":"https:\/\/api.w.org\/{rel}","templated":true}]}}