{"id":3151,"date":"2014-03-04T17:52:57","date_gmt":"2014-03-04T17:52:57","guid":{"rendered":"http:\/\/donesesglesia.cat\/wp_cde\/?p=3151"},"modified":"2014-03-04T17:52:57","modified_gmt":"2014-03-04T17:52:57","slug":"levangeli-del-mes-marc-2014","status":"publish","type":"post","link":"https:\/\/donesesglesia.cat\/wp_cde\/levangeli-del-mes-marc-2014\/","title":{"rendered":"L&#8217;evangeli del mes &#8211; Mar\u00e7 2014"},"content":{"rendered":"<blockquote><p><strong>La mare i els germans de Jes\u00fas<\/strong><\/p>\n<p><img loading=\"lazy\" decoding=\"async\" class=\"alignright\" alt=\"\" src=\"http:\/\/donesesglesia.cat\/wp_cde\/wp-content\/uploads\/2014\/03\/evangeli_marc2014.jpg\" width=\"250\" height=\"224\" \/><br \/>Llavors arriben la mare i els germans de Jes\u00fas i, de fora estant, envien a buscar-lo. Hi havia molta gent asseguda al voltant d\u2019ell. Li diuen:<br \/>\n\u2013La teva mare, els teus germans i les teves germanes s\u00f3n aqu\u00ed fora, que et busquen.<br \/>\nEll els respon:<br \/>\n\u2013\u00bfQui s\u00f3n la meva mare i els meus germans?<br \/>\nLlavors, mirant els qui seien al seu voltant, diu:<br \/>\n\u2013Aquests s\u00f3n la meva mare i els meus germans. El qui fa la voluntat de D\u00e9u, aquest \u00e9s el meu germ\u00e0, la meva germana, la meva mare. <\/p>\n<p>(Mc 3, 31-35)\n<\/p><\/blockquote>\n<p>Jes\u00fas amplia el concepte de fam\u00edlia. Per Jes\u00fas la veritable \u201cfam\u00edlia\u201d no respon a criteris de consanguinitat sin\u00f3 al criteri de l\u2019amor al pro\u00efsme i a D\u00e9u. Tamb\u00e9 entre els parents de Jes\u00fas n\u2019hi va haver alguns que no van compartir la seva manera de viure i de predicar. Per\u00f2 Maria el va seguir sempre, mantenint fixa la mirada del seu cor en Jes\u00fas, i en el seu misteri. Els qui van seguir Jes\u00fas, familiars o no, s\u00f3n els qui van entrar a formar part de la primera comunitat cristiana.<\/p>\n","protected":false},"excerpt":{"rendered":"<p>La mare i els germans de Jes\u00fas Llavors arriben la mare i els germans de Jes\u00fas i, de fora estant, envien a buscar-lo. Hi havia molta gent asseguda al voltant [&hellip;]<\/p>\n","protected":false},"author":1,"featured_media":3154,"comment_status":"closed","ping_status":"closed","sticky":false,"template":"","format":"standard","meta":{"footnotes":""},"categories":[14],"tags":[],"class_list":["post-3151","post","type-post","status-publish","format-standard","has-post-thumbnail","hentry","category-levangeli-del-mes"],"_links":{"self":[{"href":"https:\/\/donesesglesia.cat\/wp_cde\/wp-json\/wp\/v2\/posts\/3151","targetHints":{"allow":["GET"]}}],"collection":[{"href":"https:\/\/donesesglesia.cat\/wp_cde\/wp-json\/wp\/v2\/posts"}],"about":[{"href":"https:\/\/donesesglesia.cat\/wp_cde\/wp-json\/wp\/v2\/types\/post"}],"author":[{"embeddable":true,"href":"https:\/\/donesesglesia.cat\/wp_cde\/wp-json\/wp\/v2\/users\/1"}],"replies":[{"embeddable":true,"href":"https:\/\/donesesglesia.cat\/wp_cde\/wp-json\/wp\/v2\/comments?post=3151"}],"version-history":[{"count":0,"href":"https:\/\/donesesglesia.cat\/wp_cde\/wp-json\/wp\/v2\/posts\/3151\/revisions"}],"wp:featuredmedia":[{"embeddable":true,"href":"https:\/\/donesesglesia.cat\/wp_cde\/wp-json\/wp\/v2\/media\/3154"}],"wp:attachment":[{"href":"https:\/\/donesesglesia.cat\/wp_cde\/wp-json\/wp\/v2\/media?parent=3151"}],"wp:term":[{"taxonomy":"category","embeddable":true,"href":"https:\/\/donesesglesia.cat\/wp_cde\/wp-json\/wp\/v2\/categories?post=3151"},{"taxonomy":"post_tag","embeddable":true,"href":"https:\/\/donesesglesia.cat\/wp_cde\/wp-json\/wp\/v2\/tags?post=3151"}],"curies":[{"name":"wp","href":"https:\/\/api.w.org\/{rel}","templated":true}]}}