{"id":3082,"date":"2014-02-09T13:23:58","date_gmt":"2014-02-09T13:23:58","guid":{"rendered":"http:\/\/donesesglesia.cat\/wp_cde\/?p=3082"},"modified":"2014-02-09T13:23:58","modified_gmt":"2014-02-09T13:23:58","slug":"activitats-cde-girona-febrer-2014","status":"publish","type":"post","link":"https:\/\/donesesglesia.cat\/wp_cde\/activitats-cde-girona-febrer-2014\/","title":{"rendered":"Activitats CDE-Girona &#8211; Febrer 2014"},"content":{"rendered":"<p><img loading=\"lazy\" decoding=\"async\" alt=\"\" src=\"http:\/\/donesesglesia.cat\/wp_cde\/wp-content\/uploads\/2011\/04\/Girona-p.jpg\" width=\"350\" height=\"131\" \/><\/p>\n<p><strong>4 de febrer, dimarts, de 17 a 19 h<\/strong><br \/>Sessi\u00f3 de cinef\u00f2rum amb la pel\u00b7l\u00edcula <em><strong>Katmand\u00fa, un espejo en el cielo<\/strong><\/em> d\u2019Ic\u00edar Bolla\u00edn<br \/>Lloc: Centre C\u00edvic Pla de Palau, c\/ Saragossa, 27<\/p>\n<p><strong>11 de febrer, dimarts, de 17.30 a 20 h<\/strong><br \/>Confer\u00e8ncia: <strong>Com tracta avui, el Vatic\u00e0, la q\u00fcesti\u00f3 de l\u2019ordenaci\u00f3 de les dones: Joan Pau II i el seu impossible punt final a aquesta q\u00fcesti\u00f3. La dona pensa, reflexiona, diu i actua<\/strong>, a c\u00e0rrec de Roser Garriga Trullols<br \/>Lloc: Centre C\u00edvic Pla de Palau, c\/ Saragossa, 27<\/p>\n<p><strong>18 de febrer, dimarts, de 17 a 19 h<\/strong><br \/><strong>Reuni\u00f3 mensual ordin\u00e0ria<\/strong><br \/>Lloc: Centre C\u00edvic Pla de Palau, c\/ Saragossa, 27<\/p>\n<p><strong>25 de gener, dimarts, a les 18 h<\/strong><br \/><strong>Lit\u00fargia de vespres<\/strong><br \/>Lloc: Carmelites Descalces de Montilivi, Av. Montilivi, 27<\/p>\n","protected":false},"excerpt":{"rendered":"<p>4 de febrer, dimarts, de 17 a 19 hSessi\u00f3 de cinef\u00f2rum amb la pel\u00b7l\u00edcula Katmand\u00fa, un espejo en el cielo d\u2019Ic\u00edar Bolla\u00ednLloc: Centre C\u00edvic Pla de Palau, c\/ Saragossa, 27 [&hellip;]<\/p>\n","protected":false},"author":1,"featured_media":448,"comment_status":"closed","ping_status":"closed","sticky":false,"template":"","format":"standard","meta":{"footnotes":""},"categories":[7],"tags":[],"class_list":["post-3082","post","type-post","status-publish","format-standard","has-post-thumbnail","hentry","category-activitats-cde-girona"],"_links":{"self":[{"href":"https:\/\/donesesglesia.cat\/wp_cde\/wp-json\/wp\/v2\/posts\/3082","targetHints":{"allow":["GET"]}}],"collection":[{"href":"https:\/\/donesesglesia.cat\/wp_cde\/wp-json\/wp\/v2\/posts"}],"about":[{"href":"https:\/\/donesesglesia.cat\/wp_cde\/wp-json\/wp\/v2\/types\/post"}],"author":[{"embeddable":true,"href":"https:\/\/donesesglesia.cat\/wp_cde\/wp-json\/wp\/v2\/users\/1"}],"replies":[{"embeddable":true,"href":"https:\/\/donesesglesia.cat\/wp_cde\/wp-json\/wp\/v2\/comments?post=3082"}],"version-history":[{"count":0,"href":"https:\/\/donesesglesia.cat\/wp_cde\/wp-json\/wp\/v2\/posts\/3082\/revisions"}],"wp:featuredmedia":[{"embeddable":true,"href":"https:\/\/donesesglesia.cat\/wp_cde\/wp-json\/wp\/v2\/media\/448"}],"wp:attachment":[{"href":"https:\/\/donesesglesia.cat\/wp_cde\/wp-json\/wp\/v2\/media?parent=3082"}],"wp:term":[{"taxonomy":"category","embeddable":true,"href":"https:\/\/donesesglesia.cat\/wp_cde\/wp-json\/wp\/v2\/categories?post=3082"},{"taxonomy":"post_tag","embeddable":true,"href":"https:\/\/donesesglesia.cat\/wp_cde\/wp-json\/wp\/v2\/tags?post=3082"}],"curies":[{"name":"wp","href":"https:\/\/api.w.org\/{rel}","templated":true}]}}