{"id":3074,"date":"2014-02-09T13:06:57","date_gmt":"2014-02-09T13:06:57","guid":{"rendered":"http:\/\/donesesglesia.cat\/wp_cde\/?p=3074"},"modified":"2014-02-09T13:07:30","modified_gmt":"2014-02-09T13:07:30","slug":"activitats-cde-sarria-orlandai-febrer-2014","status":"publish","type":"post","link":"https:\/\/donesesglesia.cat\/wp_cde\/activitats-cde-sarria-orlandai-febrer-2014\/","title":{"rendered":"Activitats CDE-Sarri\u00e0 \u201cOrlandai\u201d \u2013 Febrer 2014"},"content":{"rendered":"<p><img loading=\"lazy\" decoding=\"async\" alt=\"\" src=\"http:\/\/donesesglesia.cat\/wp_cde\/wp-content\/uploads\/2011\/05\/Orlandai-p.jpg\" width=\"350\" height=\"90\" \/><\/p>\n<p><strong>13 de febrer, dijous, a les 17.30 h<\/strong><br \/>Confer\u00e8ncia: \u201c<strong>Repte del segle XXI, que la dona recuperi la veu<\/strong>\u201d, a c\u00e0rrec de M. Ant\u00f2nia Sabater Montserrat<br \/>Lloc: Centre C\u00edvic Orlandai, c\/ Jaume Piquet, 23 (FGC, parada Sarri\u00e0, sortida per Verge de N\u00faria)<\/p>\n","protected":false},"excerpt":{"rendered":"<p>13 de febrer, dijous, a les 17.30 hConfer\u00e8ncia: \u201cRepte del segle XXI, que la dona recuperi la veu\u201d, a c\u00e0rrec de M. Ant\u00f2nia Sabater MontserratLloc: Centre C\u00edvic Orlandai, c\/ Jaume [&hellip;]<\/p>\n","protected":false},"author":1,"featured_media":231,"comment_status":"closed","ping_status":"closed","sticky":false,"template":"","format":"standard","meta":{"footnotes":""},"categories":[11],"tags":[],"class_list":["post-3074","post","type-post","status-publish","format-standard","has-post-thumbnail","hentry","category-activitats-cde-sarria-orlandai"],"_links":{"self":[{"href":"https:\/\/donesesglesia.cat\/wp_cde\/wp-json\/wp\/v2\/posts\/3074","targetHints":{"allow":["GET"]}}],"collection":[{"href":"https:\/\/donesesglesia.cat\/wp_cde\/wp-json\/wp\/v2\/posts"}],"about":[{"href":"https:\/\/donesesglesia.cat\/wp_cde\/wp-json\/wp\/v2\/types\/post"}],"author":[{"embeddable":true,"href":"https:\/\/donesesglesia.cat\/wp_cde\/wp-json\/wp\/v2\/users\/1"}],"replies":[{"embeddable":true,"href":"https:\/\/donesesglesia.cat\/wp_cde\/wp-json\/wp\/v2\/comments?post=3074"}],"version-history":[{"count":0,"href":"https:\/\/donesesglesia.cat\/wp_cde\/wp-json\/wp\/v2\/posts\/3074\/revisions"}],"wp:featuredmedia":[{"embeddable":true,"href":"https:\/\/donesesglesia.cat\/wp_cde\/wp-json\/wp\/v2\/media\/231"}],"wp:attachment":[{"href":"https:\/\/donesesglesia.cat\/wp_cde\/wp-json\/wp\/v2\/media?parent=3074"}],"wp:term":[{"taxonomy":"category","embeddable":true,"href":"https:\/\/donesesglesia.cat\/wp_cde\/wp-json\/wp\/v2\/categories?post=3074"},{"taxonomy":"post_tag","embeddable":true,"href":"https:\/\/donesesglesia.cat\/wp_cde\/wp-json\/wp\/v2\/tags?post=3074"}],"curies":[{"name":"wp","href":"https:\/\/api.w.org\/{rel}","templated":true}]}}