{"id":3053,"date":"2014-02-09T12:29:03","date_gmt":"2014-02-09T12:29:03","guid":{"rendered":"http:\/\/donesesglesia.cat\/wp_cde\/?p=3053"},"modified":"2014-02-09T12:31:39","modified_gmt":"2014-02-09T12:31:39","slug":"levangeli-del-mes-febrer-2014","status":"publish","type":"post","link":"https:\/\/donesesglesia.cat\/wp_cde\/levangeli-del-mes-febrer-2014\/","title":{"rendered":"L&#8217;evangeli del mes &#8211; Febrer 2014"},"content":{"rendered":"<blockquote>\n<p><img loading=\"lazy\" decoding=\"async\" class=\"alignleft\" alt=\"\" src=\"http:\/\/donesesglesia.cat\/wp_cde\/wp-content\/uploads\/2014\/02\/evangeli-febrer2014.png\" width=\"300\" height=\"227\" \/><br \/>&#8220;Tinc un somni, un \u00fanic somni: continuar somiant. Somiar en la llibertat, somiar en la just\u00edcia, somiar en la igualtat, i tant de bo ja no tingu\u00e9s necessitat de somiar-hi<\/p>\n<p>Martin Luther King<\/p>\n<\/blockquote>\n<p>Passen els anys i continuen sent necessaris aquests somnis. Hi podem fer alguna cosa cadascuna de nosaltres?<\/p>\n","protected":false},"excerpt":{"rendered":"<p>&#8220;Tinc un somni, un \u00fanic somni: continuar somiant. Somiar en la llibertat, somiar en la just\u00edcia, somiar en la igualtat, i tant de bo ja no tingu\u00e9s necessitat de somiar-hi [&hellip;]<\/p>\n","protected":false},"author":1,"featured_media":3058,"comment_status":"closed","ping_status":"closed","sticky":false,"template":"","format":"standard","meta":{"footnotes":""},"categories":[14],"tags":[],"class_list":["post-3053","post","type-post","status-publish","format-standard","has-post-thumbnail","hentry","category-levangeli-del-mes"],"_links":{"self":[{"href":"https:\/\/donesesglesia.cat\/wp_cde\/wp-json\/wp\/v2\/posts\/3053","targetHints":{"allow":["GET"]}}],"collection":[{"href":"https:\/\/donesesglesia.cat\/wp_cde\/wp-json\/wp\/v2\/posts"}],"about":[{"href":"https:\/\/donesesglesia.cat\/wp_cde\/wp-json\/wp\/v2\/types\/post"}],"author":[{"embeddable":true,"href":"https:\/\/donesesglesia.cat\/wp_cde\/wp-json\/wp\/v2\/users\/1"}],"replies":[{"embeddable":true,"href":"https:\/\/donesesglesia.cat\/wp_cde\/wp-json\/wp\/v2\/comments?post=3053"}],"version-history":[{"count":0,"href":"https:\/\/donesesglesia.cat\/wp_cde\/wp-json\/wp\/v2\/posts\/3053\/revisions"}],"wp:featuredmedia":[{"embeddable":true,"href":"https:\/\/donesesglesia.cat\/wp_cde\/wp-json\/wp\/v2\/media\/3058"}],"wp:attachment":[{"href":"https:\/\/donesesglesia.cat\/wp_cde\/wp-json\/wp\/v2\/media?parent=3053"}],"wp:term":[{"taxonomy":"category","embeddable":true,"href":"https:\/\/donesesglesia.cat\/wp_cde\/wp-json\/wp\/v2\/categories?post=3053"},{"taxonomy":"post_tag","embeddable":true,"href":"https:\/\/donesesglesia.cat\/wp_cde\/wp-json\/wp\/v2\/tags?post=3053"}],"curies":[{"name":"wp","href":"https:\/\/api.w.org\/{rel}","templated":true}]}}