{"id":2979,"date":"2013-12-30T08:46:04","date_gmt":"2013-12-30T08:46:04","guid":{"rendered":"http:\/\/donesesglesia.cat\/wp_cde\/?p=2979"},"modified":"2014-02-09T12:23:42","modified_gmt":"2014-02-09T12:23:42","slug":"levangeli-del-mes-gener-2014","status":"publish","type":"post","link":"https:\/\/donesesglesia.cat\/wp_cde\/levangeli-del-mes-gener-2014\/","title":{"rendered":"L&#8217;evangeli del mes &#8211; Gener 2014"},"content":{"rendered":"<blockquote>\n<p><img loading=\"lazy\" decoding=\"async\" class=\"alignleft\" alt=\"\" src=\"http:\/\/donesesglesia.cat\/wp_cde\/wp-content\/uploads\/2013\/12\/evangeli_gener2014.jpg\" width=\"305\" height=\"172\" \/><br \/>Per\u00f2 potser la invitaci\u00f3 m\u00e9s contagiosa sigui la del profeta Sofonies, que ens mostra aquest D\u00e9u com un centre llumin\u00f3s de festa i d\u2019alegria que vol comunicar al seu poble aquest goig salv\u00edfic. M\u2019omple de vida rellegir aquest text: \u00abEl teu D\u00e9u est\u00e0 enmig de tu, poder\u00f3s salvador. Ell exulta de goig per tu, et renova amb el seu amor, i dansa per tu amb crits d\u2019alegria\u00bb (3,17).<\/p>\n<p>Francesc I, <em>Exhort. ap. Evangelii Gaudium<\/em> (24 novembre 2013), n\u00fam.4<\/p>\n<\/blockquote>\n<p>Enmig de tants problemes, la crida a viure l&#8217;Evangeli amb fonda alegria ens pot ajudar a trobar l\u2019equilibri entre l\u2019ocupaci\u00f3 pel b\u00e9 de les altres persones i la joia profunda de viure en el Crist.<\/p>\n","protected":false},"excerpt":{"rendered":"<p>Per\u00f2 potser la invitaci\u00f3 m\u00e9s contagiosa sigui la del profeta Sofonies, que ens mostra aquest D\u00e9u com un centre llumin\u00f3s de festa i d\u2019alegria que vol comunicar al seu poble [&hellip;]<\/p>\n","protected":false},"author":1,"featured_media":2981,"comment_status":"closed","ping_status":"closed","sticky":false,"template":"","format":"standard","meta":{"footnotes":""},"categories":[14],"tags":[],"class_list":["post-2979","post","type-post","status-publish","format-standard","has-post-thumbnail","hentry","category-levangeli-del-mes"],"_links":{"self":[{"href":"https:\/\/donesesglesia.cat\/wp_cde\/wp-json\/wp\/v2\/posts\/2979","targetHints":{"allow":["GET"]}}],"collection":[{"href":"https:\/\/donesesglesia.cat\/wp_cde\/wp-json\/wp\/v2\/posts"}],"about":[{"href":"https:\/\/donesesglesia.cat\/wp_cde\/wp-json\/wp\/v2\/types\/post"}],"author":[{"embeddable":true,"href":"https:\/\/donesesglesia.cat\/wp_cde\/wp-json\/wp\/v2\/users\/1"}],"replies":[{"embeddable":true,"href":"https:\/\/donesesglesia.cat\/wp_cde\/wp-json\/wp\/v2\/comments?post=2979"}],"version-history":[{"count":0,"href":"https:\/\/donesesglesia.cat\/wp_cde\/wp-json\/wp\/v2\/posts\/2979\/revisions"}],"wp:featuredmedia":[{"embeddable":true,"href":"https:\/\/donesesglesia.cat\/wp_cde\/wp-json\/wp\/v2\/media\/2981"}],"wp:attachment":[{"href":"https:\/\/donesesglesia.cat\/wp_cde\/wp-json\/wp\/v2\/media?parent=2979"}],"wp:term":[{"taxonomy":"category","embeddable":true,"href":"https:\/\/donesesglesia.cat\/wp_cde\/wp-json\/wp\/v2\/categories?post=2979"},{"taxonomy":"post_tag","embeddable":true,"href":"https:\/\/donesesglesia.cat\/wp_cde\/wp-json\/wp\/v2\/tags?post=2979"}],"curies":[{"name":"wp","href":"https:\/\/api.w.org\/{rel}","templated":true}]}}