{"id":2953,"date":"2013-12-03T21:31:25","date_gmt":"2013-12-03T21:31:25","guid":{"rendered":"http:\/\/donesesglesia.cat\/wp_cde\/?p=2953"},"modified":"2013-12-03T21:31:25","modified_gmt":"2013-12-03T21:31:25","slug":"activitats-cde-girona-desembre-2013","status":"publish","type":"post","link":"https:\/\/donesesglesia.cat\/wp_cde\/activitats-cde-girona-desembre-2013\/","title":{"rendered":"Activitats CDE-Girona &#8211; Desembre 2013"},"content":{"rendered":"<p><a href=\"http:\/\/donesesglesia.cat\/wp_cde\/wp-content\/uploads\/2011\/04\/Girona-p.jpg\"><img loading=\"lazy\" decoding=\"async\" class=\"alignnone size-medium wp-image-448\" alt=\"Girona-p\" src=\"http:\/\/donesesglesia.cat\/wp_cde\/wp-content\/uploads\/2011\/04\/Girona-p-300x112.jpg\" width=\"300\" height=\"112\" srcset=\"https:\/\/donesesglesia.cat\/wp_cde\/wp-content\/uploads\/2011\/04\/Girona-p-300x112.jpg 300w, https:\/\/donesesglesia.cat\/wp_cde\/wp-content\/uploads\/2011\/04\/Girona-p.jpg 350w\" sizes=\"auto, (max-width: 300px) 100vw, 300px\" \/><\/a><\/p>\n<p><strong>3 de desembre, dimarts, de 17 a 19 h<\/strong><br \/>\n<strong>Sessi\u00f3 de cinef\u00f2rum amb la pel\u00b7l\u00edcula <em>No os comais las margaritas<\/em> de Charles Walters<\/strong><br \/>\nLloc: Centre C\u00edvic Pla de Palau, c\/ Saragossa, 27<\/p>\n<p><strong>3 de desembre, dimarts, a les 19 h<\/strong><br \/>\n<strong>Setmana Solid\u00e0ria, el projecte \u00c0kan<\/strong><br \/>\nLloc: Centre C\u00edvic Pla de Palau, c\/ Saragossa, 27<\/p>\n<p><strong>10 de desembre, dimarts, de 17.30 a 20 h<\/strong><br \/>\nconfer\u00e8ncia:\u201cEl sentit pregon del memorial jesu\u00e0nic. Desviacions. Jes\u00fas i la seva predicaci\u00f3\u201d, a c\u00e0rrec de M. Pau Trayner Vilanova<br \/>\nLloc: Centre C\u00edvic Pla de Palau, c\/ Saragossa, 27<\/p>\n<p><strong>17 de desembre, dimarts, de 17 a 19h,<\/strong><br \/>\n<strong>Celebraci\u00f3 de Nadal<\/strong><br \/>\nLloc: Centre C\u00edvic Pla de Palau, c\/ Saragossa, 27<\/p>\n","protected":false},"excerpt":{"rendered":"<p>3 de desembre, dimarts, de 17 a 19 h Sessi\u00f3 de cinef\u00f2rum amb la pel\u00b7l\u00edcula No os comais las margaritas de Charles Walters Lloc: Centre C\u00edvic Pla de Palau, c\/ [&hellip;]<\/p>\n","protected":false},"author":1,"featured_media":448,"comment_status":"closed","ping_status":"closed","sticky":false,"template":"","format":"standard","meta":{"footnotes":""},"categories":[7],"tags":[],"class_list":["post-2953","post","type-post","status-publish","format-standard","has-post-thumbnail","hentry","category-activitats-cde-girona"],"_links":{"self":[{"href":"https:\/\/donesesglesia.cat\/wp_cde\/wp-json\/wp\/v2\/posts\/2953","targetHints":{"allow":["GET"]}}],"collection":[{"href":"https:\/\/donesesglesia.cat\/wp_cde\/wp-json\/wp\/v2\/posts"}],"about":[{"href":"https:\/\/donesesglesia.cat\/wp_cde\/wp-json\/wp\/v2\/types\/post"}],"author":[{"embeddable":true,"href":"https:\/\/donesesglesia.cat\/wp_cde\/wp-json\/wp\/v2\/users\/1"}],"replies":[{"embeddable":true,"href":"https:\/\/donesesglesia.cat\/wp_cde\/wp-json\/wp\/v2\/comments?post=2953"}],"version-history":[{"count":0,"href":"https:\/\/donesesglesia.cat\/wp_cde\/wp-json\/wp\/v2\/posts\/2953\/revisions"}],"wp:featuredmedia":[{"embeddable":true,"href":"https:\/\/donesesglesia.cat\/wp_cde\/wp-json\/wp\/v2\/media\/448"}],"wp:attachment":[{"href":"https:\/\/donesesglesia.cat\/wp_cde\/wp-json\/wp\/v2\/media?parent=2953"}],"wp:term":[{"taxonomy":"category","embeddable":true,"href":"https:\/\/donesesglesia.cat\/wp_cde\/wp-json\/wp\/v2\/categories?post=2953"},{"taxonomy":"post_tag","embeddable":true,"href":"https:\/\/donesesglesia.cat\/wp_cde\/wp-json\/wp\/v2\/tags?post=2953"}],"curies":[{"name":"wp","href":"https:\/\/api.w.org\/{rel}","templated":true}]}}