{"id":2934,"date":"2013-12-02T21:25:15","date_gmt":"2013-12-02T21:25:15","guid":{"rendered":"http:\/\/donesesglesia.cat\/wp_cde\/?p=2934"},"modified":"2013-12-02T21:25:50","modified_gmt":"2013-12-02T21:25:50","slug":"levangeli-del-mes-desembre-2013","status":"publish","type":"post","link":"https:\/\/donesesglesia.cat\/wp_cde\/levangeli-del-mes-desembre-2013\/","title":{"rendered":"L&#8217;evangeli del mes &#8211; Desembre 2013"},"content":{"rendered":"<blockquote><p><a href=\"http:\/\/donesesglesia.cat\/wp_cde\/wp-content\/uploads\/2013\/12\/evangeli-desembre2013.jpg\"><img loading=\"lazy\" decoding=\"async\" class=\" wp-image-2935 alignleft\" alt=\"evangeli-desembre2013\" src=\"http:\/\/donesesglesia.cat\/wp_cde\/wp-content\/uploads\/2013\/12\/evangeli-desembre2013-300x286.jpg\" width=\"240\" height=\"229\" srcset=\"https:\/\/donesesglesia.cat\/wp_cde\/wp-content\/uploads\/2013\/12\/evangeli-desembre2013-300x286.jpg 300w, https:\/\/donesesglesia.cat\/wp_cde\/wp-content\/uploads\/2013\/12\/evangeli-desembre2013.jpg 346w\" sizes=\"auto, (max-width: 240px) 100vw, 240px\" \/><\/a><br \/>\nCom pots esperar de viure una vida espiritual profunda si no est\u00e0s disposada a fer un esfor\u00e7 per aconseguir-ho? No pots viure de les experi\u00e8ncies, gl\u00f2ries i \u00e8xits dels altres, de la unitat de les altres \u00e0nimes amb Mi. \u00c9s quelcom que has de buscar i trobar tu mateixa. Comen\u00e7a ara a pensar i a actuar sense recolzar-te en ning\u00fa m\u00e9s. Quan una persona ha portat crosses durant un temps, si no est\u00e0 disposada a deixar-les de banda i fer un esfor\u00e7 per caminar sense, n\u2019estar\u00e0 depenent i perdr\u00e0 completament l\u2019\u00fas de les cames. Per aix\u00f2 \u00e9s d\u2019una import\u00e0ncia vital que et mantinguis espiritualment sobre les teves cames i que rebis la inspiraci\u00f3 des de dins, no des de fora. Cadasc\u00fa la rebr\u00e0 de diferent manera. No hi ha un model fix. Troba la teva manera i comen\u00e7a ara a viure-la.<\/p>\n<p style=\"text-align: right;\">E. CADDY, <em>La veu interior (<\/em>Ed. Luci\u00e9rnaga)<\/p>\n<\/blockquote>\n<p>Som solid\u00e0ries? Acollim com Jes\u00fas ho va fer? Que aquest Nadal ens acosti a aquelles persones del nostre entorn que pateixen tota mena de privacions i mancances.<br \/>\nBones Festes!<\/p>\n","protected":false},"excerpt":{"rendered":"<p>Com pots esperar de viure una vida espiritual profunda si no est\u00e0s disposada a fer un esfor\u00e7 per aconseguir-ho? No pots viure de les experi\u00e8ncies, gl\u00f2ries i \u00e8xits dels altres, [&hellip;]<\/p>\n","protected":false},"author":1,"featured_media":2935,"comment_status":"closed","ping_status":"closed","sticky":false,"template":"","format":"standard","meta":{"footnotes":""},"categories":[14],"tags":[],"class_list":["post-2934","post","type-post","status-publish","format-standard","has-post-thumbnail","hentry","category-levangeli-del-mes"],"_links":{"self":[{"href":"https:\/\/donesesglesia.cat\/wp_cde\/wp-json\/wp\/v2\/posts\/2934","targetHints":{"allow":["GET"]}}],"collection":[{"href":"https:\/\/donesesglesia.cat\/wp_cde\/wp-json\/wp\/v2\/posts"}],"about":[{"href":"https:\/\/donesesglesia.cat\/wp_cde\/wp-json\/wp\/v2\/types\/post"}],"author":[{"embeddable":true,"href":"https:\/\/donesesglesia.cat\/wp_cde\/wp-json\/wp\/v2\/users\/1"}],"replies":[{"embeddable":true,"href":"https:\/\/donesesglesia.cat\/wp_cde\/wp-json\/wp\/v2\/comments?post=2934"}],"version-history":[{"count":0,"href":"https:\/\/donesesglesia.cat\/wp_cde\/wp-json\/wp\/v2\/posts\/2934\/revisions"}],"wp:featuredmedia":[{"embeddable":true,"href":"https:\/\/donesesglesia.cat\/wp_cde\/wp-json\/wp\/v2\/media\/2935"}],"wp:attachment":[{"href":"https:\/\/donesesglesia.cat\/wp_cde\/wp-json\/wp\/v2\/media?parent=2934"}],"wp:term":[{"taxonomy":"category","embeddable":true,"href":"https:\/\/donesesglesia.cat\/wp_cde\/wp-json\/wp\/v2\/categories?post=2934"},{"taxonomy":"post_tag","embeddable":true,"href":"https:\/\/donesesglesia.cat\/wp_cde\/wp-json\/wp\/v2\/tags?post=2934"}],"curies":[{"name":"wp","href":"https:\/\/api.w.org\/{rel}","templated":true}]}}