{"id":2741,"date":"2013-11-01T20:03:30","date_gmt":"2013-11-01T20:03:30","guid":{"rendered":"http:\/\/donesesglesia.cat\/wp_cde\/?p=2741"},"modified":"2013-12-02T21:21:16","modified_gmt":"2013-12-02T21:21:16","slug":"levangeli-del-mes-novembre-2013","status":"publish","type":"post","link":"https:\/\/donesesglesia.cat\/wp_cde\/levangeli-del-mes-novembre-2013\/","title":{"rendered":"L&#8217;evangeli del mes &#8211; Novembre 2013"},"content":{"rendered":"<blockquote><p><a href=\"http:\/\/donesesglesia.cat\/wp_cde\/wp-content\/uploads\/2013\/11\/evangeli-novembre2013.jpg\"><img loading=\"lazy\" decoding=\"async\" class=\" wp-image-2742 alignleft\" alt=\"evangeli-novembre2013\" src=\"http:\/\/donesesglesia.cat\/wp_cde\/wp-content\/uploads\/2013\/11\/evangeli-novembre2013.jpg\" width=\"240\" height=\"146\" \/><\/a><br \/>\nRes que sigui gran es fa sense esfor\u00e7. La crisi ens pot ajudar a posar els fonaments d\u2019una conviv\u00e8ncia m\u00e9s digna i m\u00e9s ben orientada vers un futur m\u00e9s hum\u00e0. Ens pot ensenyar a viure de manera m\u00e9s solid\u00e0ria. M\u00e9s pobres, per\u00f2 m\u00e9s humans. M\u00e9s necessitats, per\u00f2 m\u00e9s units per afrontar els problemes. M\u00e9s necessitats, per\u00f2 m\u00e9s l\u00facids i responsables. Amb m\u00e9s voluntat de just\u00edcia, amb m\u00e9s determinaci\u00f3 per treballar pel b\u00e9 com\u00fa amb m\u00e9s capacitat de regenerar la pol\u00edtica. \u00c9s aix\u00ed com un pa\u00eds en crisi teixeix un horitz\u00f3 d\u2019esperan\u00e7a.<\/p>\n<p style=\"text-align: right;\">J.A. PAGOLA, <em>Jes\u00fas i el diner<\/em>, Ed. Claret<\/p>\n<\/blockquote>\n","protected":false},"excerpt":{"rendered":"<p>Res que sigui gran es fa sense esfor\u00e7. La crisi ens pot ajudar a posar els fonaments d\u2019una conviv\u00e8ncia m\u00e9s digna i m\u00e9s ben orientada vers un futur m\u00e9s hum\u00e0. [&hellip;]<\/p>\n","protected":false},"author":1,"featured_media":2742,"comment_status":"closed","ping_status":"closed","sticky":false,"template":"","format":"standard","meta":{"footnotes":""},"categories":[14],"tags":[],"class_list":["post-2741","post","type-post","status-publish","format-standard","has-post-thumbnail","hentry","category-levangeli-del-mes"],"_links":{"self":[{"href":"https:\/\/donesesglesia.cat\/wp_cde\/wp-json\/wp\/v2\/posts\/2741","targetHints":{"allow":["GET"]}}],"collection":[{"href":"https:\/\/donesesglesia.cat\/wp_cde\/wp-json\/wp\/v2\/posts"}],"about":[{"href":"https:\/\/donesesglesia.cat\/wp_cde\/wp-json\/wp\/v2\/types\/post"}],"author":[{"embeddable":true,"href":"https:\/\/donesesglesia.cat\/wp_cde\/wp-json\/wp\/v2\/users\/1"}],"replies":[{"embeddable":true,"href":"https:\/\/donesesglesia.cat\/wp_cde\/wp-json\/wp\/v2\/comments?post=2741"}],"version-history":[{"count":0,"href":"https:\/\/donesesglesia.cat\/wp_cde\/wp-json\/wp\/v2\/posts\/2741\/revisions"}],"wp:featuredmedia":[{"embeddable":true,"href":"https:\/\/donesesglesia.cat\/wp_cde\/wp-json\/wp\/v2\/media\/2742"}],"wp:attachment":[{"href":"https:\/\/donesesglesia.cat\/wp_cde\/wp-json\/wp\/v2\/media?parent=2741"}],"wp:term":[{"taxonomy":"category","embeddable":true,"href":"https:\/\/donesesglesia.cat\/wp_cde\/wp-json\/wp\/v2\/categories?post=2741"},{"taxonomy":"post_tag","embeddable":true,"href":"https:\/\/donesesglesia.cat\/wp_cde\/wp-json\/wp\/v2\/tags?post=2741"}],"curies":[{"name":"wp","href":"https:\/\/api.w.org\/{rel}","templated":true}]}}