{"id":2731,"date":"2013-11-01T19:41:05","date_gmt":"2013-11-01T19:41:05","guid":{"rendered":"http:\/\/donesesglesia.cat\/wp_cde\/?p=2731"},"modified":"2013-11-01T19:41:05","modified_gmt":"2013-11-01T19:41:05","slug":"activitats-cde-girona-novembre-2013","status":"publish","type":"post","link":"https:\/\/donesesglesia.cat\/wp_cde\/activitats-cde-girona-novembre-2013\/","title":{"rendered":"Activitats CDE-Girona &#8211; Novembre 2013"},"content":{"rendered":"<p><a href=\"http:\/\/donesesglesia.cat\/wp_cde\/wp-content\/uploads\/2011\/04\/Girona-p.jpg\"><img loading=\"lazy\" decoding=\"async\" class=\"alignnone size-full wp-image-448\" alt=\"Girona-p\" src=\"http:\/\/donesesglesia.cat\/wp_cde\/wp-content\/uploads\/2011\/04\/Girona-p.jpg\" width=\"350\" height=\"131\" srcset=\"https:\/\/donesesglesia.cat\/wp_cde\/wp-content\/uploads\/2011\/04\/Girona-p.jpg 350w, https:\/\/donesesglesia.cat\/wp_cde\/wp-content\/uploads\/2011\/04\/Girona-p-300x112.jpg 300w\" sizes=\"auto, (max-width: 350px) 100vw, 350px\" \/><\/a><\/p>\n<p><strong>5 de novembre, dimarts, de 17 a 19 h<br \/>\nSessi\u00f3 de cinef\u00f2rum amb la pel\u00b7l\u00edcula <i>\u00bfY ahora ad\u00f3nde vamos?<\/i> de Nadine Labaki<\/strong>, produ\u00efda per Anne Dominique Toussaint<br \/>\nLloc: Centre C\u00edvic Pla de Palau, c\/ Saragossa, 27, Girona<\/p>\n<p><b>12 de novembre, dimarts, de 17.30 a 20 h<br \/>\n<\/b>Confer\u00e8ncia:<b>\u201cMemorials de les comunitats cristianes despr\u00e9s dels anys 50. Import\u00e0ncia del paper de la dona en aquestes celebracions i comunitats. Import\u00e0ncia de les dones en l\u2019esgl\u00e9sia primitiva\u201d, <\/b>a c\u00e0rrec de Paloma Llorente<br \/>\nLloc: Centre C\u00edvic Pla de Palau, c\/ Saragossa, 27, Girona<\/p>\n<p><b>19 de novembre, dimarts, de 17 a 19h<br \/>\nReuni\u00f3 mensual ordin\u00e0ria<\/b><br \/>\nLloc: Centre C\u00edvic Pla de Palau, c\/ Saragossa, 27, Girona<\/p>\n<p><b>25 de novembre, dilluns, a les 19h<br \/>\nActe unitari del Dia Internacional contra la Viol\u00e8ncia de G\u00e8nere<\/b><br \/>\nLloc: Pla\u00e7a del Vi de Girona<\/p>\n<p><strong>\u00a026 de novembre, dimarts, a les 17.30h<br \/>\n<\/strong>Confer\u00e8ncia: <strong>&#8220;Qu\u00e8 fem contra la viol\u00e8ncia de g\u00e8nere&#8221;<\/strong>, a c\u00e0rrec de N\u00faria Babot, del SIAD de Girona (Servei d&#8217;Informaci\u00f3 i Atenci\u00f3 a les Dones), organitzat per la delegaci\u00f3 de Girona com a grup de la Comissi\u00f3 Ciutat Igualtat &#8211; Xarxa Dones Girona<br \/>\nLloc: Centre C\u00edvic Pla de Palau, c\/ Saragossa, 27, Girona<\/p>\n<p><strong>27 de novembre, dimecres, a les 19h<br \/>\n<\/strong>Presentaci\u00f3 de l&#8217;Agenda Llatinoamericana Mundial, a c\u00e0rrec de Quima Tom\u00e0s<br \/>\nLloc: Centre C\u00edvic Pla de Palau, c\/ Saragossa, 27, Girona<\/p>\n","protected":false},"excerpt":{"rendered":"<p>5 de novembre, dimarts, de 17 a 19 h Sessi\u00f3 de cinef\u00f2rum amb la pel\u00b7l\u00edcula \u00bfY ahora ad\u00f3nde vamos? de Nadine Labaki, produ\u00efda per Anne Dominique Toussaint Lloc: Centre C\u00edvic [&hellip;]<\/p>\n","protected":false},"author":1,"featured_media":448,"comment_status":"closed","ping_status":"closed","sticky":false,"template":"","format":"standard","meta":{"footnotes":""},"categories":[7],"tags":[],"class_list":["post-2731","post","type-post","status-publish","format-standard","has-post-thumbnail","hentry","category-activitats-cde-girona"],"_links":{"self":[{"href":"https:\/\/donesesglesia.cat\/wp_cde\/wp-json\/wp\/v2\/posts\/2731","targetHints":{"allow":["GET"]}}],"collection":[{"href":"https:\/\/donesesglesia.cat\/wp_cde\/wp-json\/wp\/v2\/posts"}],"about":[{"href":"https:\/\/donesesglesia.cat\/wp_cde\/wp-json\/wp\/v2\/types\/post"}],"author":[{"embeddable":true,"href":"https:\/\/donesesglesia.cat\/wp_cde\/wp-json\/wp\/v2\/users\/1"}],"replies":[{"embeddable":true,"href":"https:\/\/donesesglesia.cat\/wp_cde\/wp-json\/wp\/v2\/comments?post=2731"}],"version-history":[{"count":0,"href":"https:\/\/donesesglesia.cat\/wp_cde\/wp-json\/wp\/v2\/posts\/2731\/revisions"}],"wp:featuredmedia":[{"embeddable":true,"href":"https:\/\/donesesglesia.cat\/wp_cde\/wp-json\/wp\/v2\/media\/448"}],"wp:attachment":[{"href":"https:\/\/donesesglesia.cat\/wp_cde\/wp-json\/wp\/v2\/media?parent=2731"}],"wp:term":[{"taxonomy":"category","embeddable":true,"href":"https:\/\/donesesglesia.cat\/wp_cde\/wp-json\/wp\/v2\/categories?post=2731"},{"taxonomy":"post_tag","embeddable":true,"href":"https:\/\/donesesglesia.cat\/wp_cde\/wp-json\/wp\/v2\/tags?post=2731"}],"curies":[{"name":"wp","href":"https:\/\/api.w.org\/{rel}","templated":true}]}}