{"id":2727,"date":"2013-11-01T19:36:36","date_gmt":"2013-11-01T19:36:36","guid":{"rendered":"http:\/\/donesesglesia.cat\/wp_cde\/?p=2727"},"modified":"2013-11-01T19:36:36","modified_gmt":"2013-11-01T19:36:36","slug":"activitats-cde-horta-novembre-2013","status":"publish","type":"post","link":"https:\/\/donesesglesia.cat\/wp_cde\/activitats-cde-horta-novembre-2013\/","title":{"rendered":"Activitats CDE-Horta &#8211; Novembre 2013"},"content":{"rendered":"<p><a href=\"http:\/\/donesesglesia.cat\/wp_cde\/wp-content\/uploads\/2013\/05\/horta2013.jpg\"><img loading=\"lazy\" decoding=\"async\" class=\"alignnone  wp-image-2558\" alt=\"horta2013\" src=\"http:\/\/donesesglesia.cat\/wp_cde\/wp-content\/uploads\/2013\/05\/horta2013.jpg\" width=\"410\" height=\"147\" srcset=\"https:\/\/donesesglesia.cat\/wp_cde\/wp-content\/uploads\/2013\/05\/horta2013.jpg 683w, https:\/\/donesesglesia.cat\/wp_cde\/wp-content\/uploads\/2013\/05\/horta2013-300x107.jpg 300w\" sizes=\"auto, (max-width: 410px) 100vw, 410px\" \/><\/a><\/p>\n<p><b>21 de novembre, dijous, a les 18 h<br \/>\n<\/b>Confer\u00e8ncia:<b> \u201cSer persona: subjecte en construcci\u00f3 per a una just\u00edcia social real\u201d,<\/b> a c\u00e0rrec de Neus Forcano Aparicio<br \/>\nLloc: Biblioteca Can Mariner, c\/ del Vent, 1 (tocant al c\/ Horta)<\/p>\n<p><b>27 de novembre, dimecres, a les 18 h<br \/>\n<\/b>Confer\u00e8ncia:<b> \u201cSant Pau. El primer cristi\u00e0<\/b>\u201d, a c\u00e0rrec de Manel Cord\u00f3n Jim\u00e9nez<br \/>\nLloc: Casal de la Font d\u2019en Fargues, c\/ Pedrell, 67-69. Parades de Metro de la L4: Carmel, Horta i Vilapicina. Autobusos: 39 i 117<\/p>\n<p><b>28 de novembre, dijous, a les 17.30 h<br \/>\n<\/b>Reuni\u00f3 de formaci\u00f3 del grup. Es parlar\u00e0 de l\u2019evangeli de la setmana.<br \/>\nLloc: Biblioteca Can Mariner, c\/ del Vent, 1 (tocant al c\/ Horta)<\/p>\n","protected":false},"excerpt":{"rendered":"<p>21 de novembre, dijous, a les 18 h Confer\u00e8ncia: \u201cSer persona: subjecte en construcci\u00f3 per a una just\u00edcia social real\u201d, a c\u00e0rrec de Neus Forcano Aparicio Lloc: Biblioteca Can Mariner, [&hellip;]<\/p>\n","protected":false},"author":1,"featured_media":2558,"comment_status":"closed","ping_status":"closed","sticky":false,"template":"","format":"standard","meta":{"footnotes":""},"categories":[8],"tags":[],"class_list":["post-2727","post","type-post","status-publish","format-standard","has-post-thumbnail","hentry","category-activitats-cde-horta"],"_links":{"self":[{"href":"https:\/\/donesesglesia.cat\/wp_cde\/wp-json\/wp\/v2\/posts\/2727","targetHints":{"allow":["GET"]}}],"collection":[{"href":"https:\/\/donesesglesia.cat\/wp_cde\/wp-json\/wp\/v2\/posts"}],"about":[{"href":"https:\/\/donesesglesia.cat\/wp_cde\/wp-json\/wp\/v2\/types\/post"}],"author":[{"embeddable":true,"href":"https:\/\/donesesglesia.cat\/wp_cde\/wp-json\/wp\/v2\/users\/1"}],"replies":[{"embeddable":true,"href":"https:\/\/donesesglesia.cat\/wp_cde\/wp-json\/wp\/v2\/comments?post=2727"}],"version-history":[{"count":0,"href":"https:\/\/donesesglesia.cat\/wp_cde\/wp-json\/wp\/v2\/posts\/2727\/revisions"}],"wp:featuredmedia":[{"embeddable":true,"href":"https:\/\/donesesglesia.cat\/wp_cde\/wp-json\/wp\/v2\/media\/2558"}],"wp:attachment":[{"href":"https:\/\/donesesglesia.cat\/wp_cde\/wp-json\/wp\/v2\/media?parent=2727"}],"wp:term":[{"taxonomy":"category","embeddable":true,"href":"https:\/\/donesesglesia.cat\/wp_cde\/wp-json\/wp\/v2\/categories?post=2727"},{"taxonomy":"post_tag","embeddable":true,"href":"https:\/\/donesesglesia.cat\/wp_cde\/wp-json\/wp\/v2\/tags?post=2727"}],"curies":[{"name":"wp","href":"https:\/\/api.w.org\/{rel}","templated":true}]}}