{"id":2718,"date":"2013-11-01T19:29:16","date_gmt":"2013-11-01T19:29:16","guid":{"rendered":"http:\/\/donesesglesia.cat\/wp_cde\/?p=2718"},"modified":"2013-11-01T19:29:16","modified_gmt":"2013-11-01T19:29:16","slug":"activitats-cde-sant-just-desvern-novembre-2013","status":"publish","type":"post","link":"https:\/\/donesesglesia.cat\/wp_cde\/activitats-cde-sant-just-desvern-novembre-2013\/","title":{"rendered":"Activitats CDE-Sant Just Desvern &#8211; Novembre 2013"},"content":{"rendered":"<p><a href=\"http:\/\/donesesglesia.cat\/wp_cde\/wp-content\/uploads\/2011\/04\/SantJust-p.jpg\"><img loading=\"lazy\" decoding=\"async\" class=\"alignnone size-full wp-image-451\" alt=\"SantJust-p\" src=\"http:\/\/donesesglesia.cat\/wp_cde\/wp-content\/uploads\/2011\/04\/SantJust-p.jpg\" width=\"350\" height=\"103\" srcset=\"https:\/\/donesesglesia.cat\/wp_cde\/wp-content\/uploads\/2011\/04\/SantJust-p.jpg 350w, https:\/\/donesesglesia.cat\/wp_cde\/wp-content\/uploads\/2011\/04\/SantJust-p-300x88.jpg 300w\" sizes=\"auto, (max-width: 350px) 100vw, 350px\" \/><\/a><\/p>\n<p><b>8 de novembre, divendres, a les<strong> 20.30 h<br \/>\n<\/strong><\/b>Confer\u00e8ncia: <b>\u201cHan passat 50 anys del Concili Vatic\u00e0 II; aportacions rellevants, qu\u00e8 ens diu avui?, podem, i volem avan\u00e7ar?\u201d, <\/b>a c\u00e0rrec de moss\u00e8n Joaquim Rius i Adell<\/p>\n<p>Lloc: Parr\u00f2quia de Sant Just i Pastor, pla\u00e7a de l\u2019Esgl\u00e9sia, s\/n, Sant Just Desvern<\/p>\n","protected":false},"excerpt":{"rendered":"<p>8 de novembre, divendres, a les 20.30 h Confer\u00e8ncia: \u201cHan passat 50 anys del Concili Vatic\u00e0 II; aportacions rellevants, qu\u00e8 ens diu avui?, podem, i volem avan\u00e7ar?\u201d, a c\u00e0rrec de [&hellip;]<\/p>\n","protected":false},"author":1,"featured_media":451,"comment_status":"closed","ping_status":"closed","sticky":false,"template":"","format":"standard","meta":{"footnotes":""},"categories":[18],"tags":[],"class_list":["post-2718","post","type-post","status-publish","format-standard","has-post-thumbnail","hentry","category-activitats-cde-sant-just-desvern"],"_links":{"self":[{"href":"https:\/\/donesesglesia.cat\/wp_cde\/wp-json\/wp\/v2\/posts\/2718","targetHints":{"allow":["GET"]}}],"collection":[{"href":"https:\/\/donesesglesia.cat\/wp_cde\/wp-json\/wp\/v2\/posts"}],"about":[{"href":"https:\/\/donesesglesia.cat\/wp_cde\/wp-json\/wp\/v2\/types\/post"}],"author":[{"embeddable":true,"href":"https:\/\/donesesglesia.cat\/wp_cde\/wp-json\/wp\/v2\/users\/1"}],"replies":[{"embeddable":true,"href":"https:\/\/donesesglesia.cat\/wp_cde\/wp-json\/wp\/v2\/comments?post=2718"}],"version-history":[{"count":0,"href":"https:\/\/donesesglesia.cat\/wp_cde\/wp-json\/wp\/v2\/posts\/2718\/revisions"}],"wp:featuredmedia":[{"embeddable":true,"href":"https:\/\/donesesglesia.cat\/wp_cde\/wp-json\/wp\/v2\/media\/451"}],"wp:attachment":[{"href":"https:\/\/donesesglesia.cat\/wp_cde\/wp-json\/wp\/v2\/media?parent=2718"}],"wp:term":[{"taxonomy":"category","embeddable":true,"href":"https:\/\/donesesglesia.cat\/wp_cde\/wp-json\/wp\/v2\/categories?post=2718"},{"taxonomy":"post_tag","embeddable":true,"href":"https:\/\/donesesglesia.cat\/wp_cde\/wp-json\/wp\/v2\/tags?post=2718"}],"curies":[{"name":"wp","href":"https:\/\/api.w.org\/{rel}","templated":true}]}}