{"id":2625,"date":"2013-09-28T22:32:46","date_gmt":"2013-09-28T22:32:46","guid":{"rendered":"http:\/\/donesesglesia.cat\/wp_cde\/?p=2625"},"modified":"2013-09-28T22:35:13","modified_gmt":"2013-09-28T22:35:13","slug":"levangeli-del-mes-octubre-2013","status":"publish","type":"post","link":"https:\/\/donesesglesia.cat\/wp_cde\/levangeli-del-mes-octubre-2013\/","title":{"rendered":"L&#8217;evangeli del mes &#8211; Octubre 2013"},"content":{"rendered":"<blockquote>\n<p style=\"text-align: center;\"><a href=\"http:\/\/donesesglesia.cat\/wp_cde\/wp-content\/uploads\/2013\/09\/evangeli_octubre2013.jpg\"><img loading=\"lazy\" decoding=\"async\" class=\"aligncenter  wp-image-2626\" alt=\"evangeli_octubre2013\" src=\"http:\/\/donesesglesia.cat\/wp_cde\/wp-content\/uploads\/2013\/09\/evangeli_octubre2013.jpg\" width=\"360\" height=\"270\" srcset=\"https:\/\/donesesglesia.cat\/wp_cde\/wp-content\/uploads\/2013\/09\/evangeli_octubre2013.jpg 500w, https:\/\/donesesglesia.cat\/wp_cde\/wp-content\/uploads\/2013\/09\/evangeli_octubre2013-300x225.jpg 300w\" sizes=\"auto, (max-width: 360px) 100vw, 360px\" \/><\/a><\/p>\n<p style=\"text-align: center;\">Estigueu en mi com jo estic en vosaltres.<br \/>\nAix\u00ed com les sarments, si no estan en el cep, no poden donar fruit,<br \/>\ntampoc vosaltres no en podeu donar si no esteu en mi. (Jn 15,4)<\/p>\n<\/blockquote>\n<p>En un comen\u00e7ament de curs ens va b\u00e9 recordar aquestes paraules de l\u2019evangeli de Joan. El sarment del qual surt el ra\u00efm per fer el vi, \u00e9s una bona imatge per saber si en el nostre actuar portem l\u2019alegria d\u2019aquest vi de qu\u00e8 Jes\u00fas parla tantes vegades i del qual ens diu que per recordar-lo a Ell ens cal compartir-lo. Aquesta alegria del seguiment per ser ap\u00f2stols de transformaci\u00f3 social i eclesial ser\u00e0 el vi que ens pot acompanyar al llarg\u00a0 d\u2019aquest curs i de tota la nostra vida.<\/p>\n","protected":false},"excerpt":{"rendered":"<p>Estigueu en mi com jo estic en vosaltres. Aix\u00ed com les sarments, si no estan en el cep, no poden donar fruit, tampoc vosaltres no en podeu donar si no [&hellip;]<\/p>\n","protected":false},"author":1,"featured_media":2626,"comment_status":"closed","ping_status":"closed","sticky":false,"template":"","format":"standard","meta":{"footnotes":""},"categories":[14],"tags":[],"class_list":["post-2625","post","type-post","status-publish","format-standard","has-post-thumbnail","hentry","category-levangeli-del-mes"],"_links":{"self":[{"href":"https:\/\/donesesglesia.cat\/wp_cde\/wp-json\/wp\/v2\/posts\/2625","targetHints":{"allow":["GET"]}}],"collection":[{"href":"https:\/\/donesesglesia.cat\/wp_cde\/wp-json\/wp\/v2\/posts"}],"about":[{"href":"https:\/\/donesesglesia.cat\/wp_cde\/wp-json\/wp\/v2\/types\/post"}],"author":[{"embeddable":true,"href":"https:\/\/donesesglesia.cat\/wp_cde\/wp-json\/wp\/v2\/users\/1"}],"replies":[{"embeddable":true,"href":"https:\/\/donesesglesia.cat\/wp_cde\/wp-json\/wp\/v2\/comments?post=2625"}],"version-history":[{"count":0,"href":"https:\/\/donesesglesia.cat\/wp_cde\/wp-json\/wp\/v2\/posts\/2625\/revisions"}],"wp:featuredmedia":[{"embeddable":true,"href":"https:\/\/donesesglesia.cat\/wp_cde\/wp-json\/wp\/v2\/media\/2626"}],"wp:attachment":[{"href":"https:\/\/donesesglesia.cat\/wp_cde\/wp-json\/wp\/v2\/media?parent=2625"}],"wp:term":[{"taxonomy":"category","embeddable":true,"href":"https:\/\/donesesglesia.cat\/wp_cde\/wp-json\/wp\/v2\/categories?post=2625"},{"taxonomy":"post_tag","embeddable":true,"href":"https:\/\/donesesglesia.cat\/wp_cde\/wp-json\/wp\/v2\/tags?post=2625"}],"curies":[{"name":"wp","href":"https:\/\/api.w.org\/{rel}","templated":true}]}}