{"id":2616,"date":"2013-09-28T09:26:38","date_gmt":"2013-09-28T09:26:38","guid":{"rendered":"http:\/\/donesesglesia.cat\/wp_cde\/?p=2616"},"modified":"2013-09-28T09:27:00","modified_gmt":"2013-09-28T09:27:00","slug":"activitats-cde-girona-ocubre-2013","status":"publish","type":"post","link":"https:\/\/donesesglesia.cat\/wp_cde\/activitats-cde-girona-ocubre-2013\/","title":{"rendered":"Activitats CDE-Girona &#8211; Ocubre 2013"},"content":{"rendered":"<p><a href=\"http:\/\/donesesglesia.cat\/wp_cde\/wp-content\/uploads\/2011\/04\/Girona-p.jpg\"><img loading=\"lazy\" decoding=\"async\" class=\"alignleft size-medium wp-image-448\" alt=\"Girona-p\" src=\"http:\/\/donesesglesia.cat\/wp_cde\/wp-content\/uploads\/2011\/04\/Girona-p-300x112.jpg\" width=\"300\" height=\"112\" srcset=\"https:\/\/donesesglesia.cat\/wp_cde\/wp-content\/uploads\/2011\/04\/Girona-p-300x112.jpg 300w, https:\/\/donesesglesia.cat\/wp_cde\/wp-content\/uploads\/2011\/04\/Girona-p.jpg 350w\" sizes=\"auto, (max-width: 300px) 100vw, 300px\" \/><\/a><\/p>\n<p>&nbsp;<\/p>\n<p>&nbsp;<\/p>\n<p>&nbsp;<\/p>\n<p>&nbsp;<\/p>\n<p><strong>1 d\u2019octubre, dimarts, de 17 a 19 h<\/strong><br \/>\nSessi\u00f3 de <strong>cinef\u00f2rum amb la pel\u00b7l\u00edcula <em>Tambi\u00e9n la lluvia<\/em><\/strong> de la directora Ic\u00edar Bolla\u00edn y Paul Laverty<br \/>\nLloc: Centre C\u00edvic Pla de Palau, c\/ Saragossa, 27, Girona 3<\/p>\n<p><strong>8 d\u2019octubre, dimarts, a les 18 h<\/strong><br \/>\n<strong>Reuni\u00f3 mensual ordin\u00e0ria i berenar<\/strong><br \/>\nLloc: Centre C\u00edvic Pla de Palau, c\/ Saragossa, 27, Girona<\/p>\n<p><strong>15 d\u2019octubre, dimarts, de 17.30 a 20 h<\/strong><br \/>\nConfer\u00e8ncia: <strong>\u201cEl naixement del cristianisme en els anys immediatament posteriors a l\u2019execuci\u00f3 de Jes\u00fas. Primers memorials de les comunitats cristianes abans dels anys 50 del segle I\u201d<\/strong>, a c\u00e0rrec de Roser Garriga i Trullols.<br \/>\nLloc: Centre C\u00edvic Pla de Palau, c\/ Saragossa, 27, Girona<\/p>\n<p><strong>22 d\u2019octubre, dimarts, a les 18 h<br \/>\nPreg\u00e0ria<\/strong><br \/>\nLloc: a determinar<\/p>\n","protected":false},"excerpt":{"rendered":"<p>&nbsp; &nbsp; &nbsp; &nbsp; 1 d\u2019octubre, dimarts, de 17 a 19 h Sessi\u00f3 de cinef\u00f2rum amb la pel\u00b7l\u00edcula Tambi\u00e9n la lluvia de la directora Ic\u00edar Bolla\u00edn y Paul Laverty Lloc: [&hellip;]<\/p>\n","protected":false},"author":1,"featured_media":448,"comment_status":"closed","ping_status":"closed","sticky":false,"template":"","format":"standard","meta":{"footnotes":""},"categories":[7],"tags":[],"class_list":["post-2616","post","type-post","status-publish","format-standard","has-post-thumbnail","hentry","category-activitats-cde-girona"],"_links":{"self":[{"href":"https:\/\/donesesglesia.cat\/wp_cde\/wp-json\/wp\/v2\/posts\/2616","targetHints":{"allow":["GET"]}}],"collection":[{"href":"https:\/\/donesesglesia.cat\/wp_cde\/wp-json\/wp\/v2\/posts"}],"about":[{"href":"https:\/\/donesesglesia.cat\/wp_cde\/wp-json\/wp\/v2\/types\/post"}],"author":[{"embeddable":true,"href":"https:\/\/donesesglesia.cat\/wp_cde\/wp-json\/wp\/v2\/users\/1"}],"replies":[{"embeddable":true,"href":"https:\/\/donesesglesia.cat\/wp_cde\/wp-json\/wp\/v2\/comments?post=2616"}],"version-history":[{"count":0,"href":"https:\/\/donesesglesia.cat\/wp_cde\/wp-json\/wp\/v2\/posts\/2616\/revisions"}],"wp:featuredmedia":[{"embeddable":true,"href":"https:\/\/donesesglesia.cat\/wp_cde\/wp-json\/wp\/v2\/media\/448"}],"wp:attachment":[{"href":"https:\/\/donesesglesia.cat\/wp_cde\/wp-json\/wp\/v2\/media?parent=2616"}],"wp:term":[{"taxonomy":"category","embeddable":true,"href":"https:\/\/donesesglesia.cat\/wp_cde\/wp-json\/wp\/v2\/categories?post=2616"},{"taxonomy":"post_tag","embeddable":true,"href":"https:\/\/donesesglesia.cat\/wp_cde\/wp-json\/wp\/v2\/tags?post=2616"}],"curies":[{"name":"wp","href":"https:\/\/api.w.org\/{rel}","templated":true}]}}