{"id":2608,"date":"2013-09-28T09:21:02","date_gmt":"2013-09-28T09:21:02","guid":{"rendered":"http:\/\/donesesglesia.cat\/wp_cde\/?p=2608"},"modified":"2013-09-28T09:22:03","modified_gmt":"2013-09-28T09:22:03","slug":"activitats-cde-horta-octubre-2013","status":"publish","type":"post","link":"https:\/\/donesesglesia.cat\/wp_cde\/activitats-cde-horta-octubre-2013\/","title":{"rendered":"Activitats CDE-Horta &#8211; Octubre 2013"},"content":{"rendered":"<p><a href=\"http:\/\/donesesglesia.cat\/wp_cde\/wp-content\/uploads\/2013\/05\/horta2013.jpg\"><img loading=\"lazy\" decoding=\"async\" class=\"alignleft size-medium wp-image-2558\" alt=\"horta2013\" src=\"http:\/\/donesesglesia.cat\/wp_cde\/wp-content\/uploads\/2013\/05\/horta2013-300x107.jpg\" width=\"300\" height=\"107\" srcset=\"https:\/\/donesesglesia.cat\/wp_cde\/wp-content\/uploads\/2013\/05\/horta2013-300x107.jpg 300w, https:\/\/donesesglesia.cat\/wp_cde\/wp-content\/uploads\/2013\/05\/horta2013.jpg 683w\" sizes=\"auto, (max-width: 300px) 100vw, 300px\" \/><\/a><\/p>\n<p>&nbsp;<\/p>\n<p>&nbsp;<\/p>\n<p>&nbsp;<\/p>\n<p>&nbsp;<\/p>\n<p style=\"text-align: left;\"><strong>24 d\u2019octubre, dijous, a les 18 h<\/strong><br \/>\nConfer\u00e8ncia: <strong>\u201cEls noms, s\u00edmbols, societats diferents\u201d<\/strong>, a c\u00e0rrec de M. Pau Trayner Vilanova.<br \/>\nLloc: Biblioteca Can Mariner, c\/ del Vent, 1 (tocant al c\/ Horta)<\/p>\n<p><strong>30 d\u2019octubre, dimecres, a les 18 h<\/strong><br \/>\nConfer\u00e8ncia: <strong>\u201cPaper de les religions en la participaci\u00f3 pol\u00edtica i l&#8217;espai p\u00fablic\u201d<\/strong>, a c\u00e0rrec de Neus Forcano Aparicio<br \/>\nLloc: Casal de la Font d\u2019en Fargues, c\/ Pedrell, 67-69. Parades de Metro de la L4: Carmel, Horta i Vilapicina. Autobusos: 39 i 117<\/p>\n<p><strong>31 d\u2019octubre, dijous, a les 17.30 h<\/strong><br \/>\nReuni\u00f3 de formaci\u00f3 del grup, es parlar\u00e0 de l\u2019evangeli de la setmana.<br \/>\nLloc: Biblioteca Can Mariner, c\/ del Vent, 1 (tocant al c\/ Horta)<\/p>\n","protected":false},"excerpt":{"rendered":"<p>&nbsp; &nbsp; &nbsp; &nbsp; 24 d\u2019octubre, dijous, a les 18 h Confer\u00e8ncia: \u201cEls noms, s\u00edmbols, societats diferents\u201d, a c\u00e0rrec de M. Pau Trayner Vilanova. Lloc: Biblioteca Can Mariner, c\/ del [&hellip;]<\/p>\n","protected":false},"author":1,"featured_media":2558,"comment_status":"closed","ping_status":"closed","sticky":false,"template":"","format":"standard","meta":{"footnotes":""},"categories":[8],"tags":[],"class_list":["post-2608","post","type-post","status-publish","format-standard","has-post-thumbnail","hentry","category-activitats-cde-horta"],"_links":{"self":[{"href":"https:\/\/donesesglesia.cat\/wp_cde\/wp-json\/wp\/v2\/posts\/2608","targetHints":{"allow":["GET"]}}],"collection":[{"href":"https:\/\/donesesglesia.cat\/wp_cde\/wp-json\/wp\/v2\/posts"}],"about":[{"href":"https:\/\/donesesglesia.cat\/wp_cde\/wp-json\/wp\/v2\/types\/post"}],"author":[{"embeddable":true,"href":"https:\/\/donesesglesia.cat\/wp_cde\/wp-json\/wp\/v2\/users\/1"}],"replies":[{"embeddable":true,"href":"https:\/\/donesesglesia.cat\/wp_cde\/wp-json\/wp\/v2\/comments?post=2608"}],"version-history":[{"count":0,"href":"https:\/\/donesesglesia.cat\/wp_cde\/wp-json\/wp\/v2\/posts\/2608\/revisions"}],"wp:featuredmedia":[{"embeddable":true,"href":"https:\/\/donesesglesia.cat\/wp_cde\/wp-json\/wp\/v2\/media\/2558"}],"wp:attachment":[{"href":"https:\/\/donesesglesia.cat\/wp_cde\/wp-json\/wp\/v2\/media?parent=2608"}],"wp:term":[{"taxonomy":"category","embeddable":true,"href":"https:\/\/donesesglesia.cat\/wp_cde\/wp-json\/wp\/v2\/categories?post=2608"},{"taxonomy":"post_tag","embeddable":true,"href":"https:\/\/donesesglesia.cat\/wp_cde\/wp-json\/wp\/v2\/tags?post=2608"}],"curies":[{"name":"wp","href":"https:\/\/api.w.org\/{rel}","templated":true}]}}