{"id":2602,"date":"2013-09-28T09:16:13","date_gmt":"2013-09-28T09:16:13","guid":{"rendered":"http:\/\/donesesglesia.cat\/wp_cde\/?p=2602"},"modified":"2013-09-28T09:17:17","modified_gmt":"2013-09-28T09:17:17","slug":"activitats-cde-sarria-orlandai-octubre-2013","status":"publish","type":"post","link":"https:\/\/donesesglesia.cat\/wp_cde\/activitats-cde-sarria-orlandai-octubre-2013\/","title":{"rendered":"Activitats CDE-Sarri\u00e0 \u201cOrlandai\u201d &#8211; Octubre 2013"},"content":{"rendered":"<p><a href=\"http:\/\/donesesglesia.cat\/wp_cde\/wp-content\/uploads\/2011\/05\/Orlandai-p.jpg\"><img loading=\"lazy\" decoding=\"async\" class=\"alignleft size-full wp-image-231\" alt=\"Orlandai-p\" src=\"http:\/\/donesesglesia.cat\/wp_cde\/wp-content\/uploads\/2011\/05\/Orlandai-p.jpg\" width=\"350\" height=\"90\" srcset=\"https:\/\/donesesglesia.cat\/wp_cde\/wp-content\/uploads\/2011\/05\/Orlandai-p.jpg 350w, https:\/\/donesesglesia.cat\/wp_cde\/wp-content\/uploads\/2011\/05\/Orlandai-p-300x77.jpg 300w\" sizes=\"auto, (max-width: 350px) 100vw, 350px\" \/><\/a><\/p>\n<p>&nbsp;<\/p>\n<p>&nbsp;<\/p>\n<p>&nbsp;<\/p>\n<p><strong><br \/>\n10 d\u2019octubre , dijous, a les 17.30 h<\/strong><br \/>\nConfer\u00e8ncia: <strong>\u201cLes dones en l\u2019Evangeli de Joan i Marc\u201d<\/strong>, a c\u00e0rrec de M. Ant\u00f2nia Sabater Montserrat.<br \/>\nLloc: Centre C\u00edvic Orlandai, c\/ Jaume Piquet, 23 (FGC, parada Sarri\u00e0, sortida per Verge de N\u00faria)<\/p>\n","protected":false},"excerpt":{"rendered":"<p>&nbsp; &nbsp; &nbsp; 10 d\u2019octubre , dijous, a les 17.30 h Confer\u00e8ncia: \u201cLes dones en l\u2019Evangeli de Joan i Marc\u201d, a c\u00e0rrec de M. Ant\u00f2nia Sabater Montserrat. Lloc: Centre C\u00edvic [&hellip;]<\/p>\n","protected":false},"author":1,"featured_media":231,"comment_status":"closed","ping_status":"closed","sticky":false,"template":"","format":"standard","meta":{"footnotes":""},"categories":[11],"tags":[],"class_list":["post-2602","post","type-post","status-publish","format-standard","has-post-thumbnail","hentry","category-activitats-cde-sarria-orlandai"],"_links":{"self":[{"href":"https:\/\/donesesglesia.cat\/wp_cde\/wp-json\/wp\/v2\/posts\/2602","targetHints":{"allow":["GET"]}}],"collection":[{"href":"https:\/\/donesesglesia.cat\/wp_cde\/wp-json\/wp\/v2\/posts"}],"about":[{"href":"https:\/\/donesesglesia.cat\/wp_cde\/wp-json\/wp\/v2\/types\/post"}],"author":[{"embeddable":true,"href":"https:\/\/donesesglesia.cat\/wp_cde\/wp-json\/wp\/v2\/users\/1"}],"replies":[{"embeddable":true,"href":"https:\/\/donesesglesia.cat\/wp_cde\/wp-json\/wp\/v2\/comments?post=2602"}],"version-history":[{"count":0,"href":"https:\/\/donesesglesia.cat\/wp_cde\/wp-json\/wp\/v2\/posts\/2602\/revisions"}],"wp:featuredmedia":[{"embeddable":true,"href":"https:\/\/donesesglesia.cat\/wp_cde\/wp-json\/wp\/v2\/media\/231"}],"wp:attachment":[{"href":"https:\/\/donesesglesia.cat\/wp_cde\/wp-json\/wp\/v2\/media?parent=2602"}],"wp:term":[{"taxonomy":"category","embeddable":true,"href":"https:\/\/donesesglesia.cat\/wp_cde\/wp-json\/wp\/v2\/categories?post=2602"},{"taxonomy":"post_tag","embeddable":true,"href":"https:\/\/donesesglesia.cat\/wp_cde\/wp-json\/wp\/v2\/tags?post=2602"}],"curies":[{"name":"wp","href":"https:\/\/api.w.org\/{rel}","templated":true}]}}